{"id":24784,"date":"2026-09-01T07:46:57","date_gmt":"2026-09-01T07:46:57","guid":{"rendered":"https:\/\/aftt.be\/?p=24784"},"modified":"2026-09-01T07:46:58","modified_gmt":"2026-09-01T07:46:58","slug":"interclubs-wo-perte-de-10-points","status":"publish","type":"post","link":"https:\/\/aftt.be\/index.php\/interclubs-wo-perte-de-10-points\/","title":{"rendered":"Interclubs &#8211; WO &#8211; Perte de 10 points"},"content":{"rendered":"\n<p>Lors d\u2019une rencontre d\u2019interclubs, tous les matchs pr\u00e9vus doivent obligatoirement \u00eatre disput\u00e9s.<\/p>\n\n\n\n<p>Si un joueur ne dispute pas un match alors qu\u2019il est pr\u00e9sent, deux sanctions peuvent \u00eatre appliqu\u00e9es :<\/p>\n\n\n\n<ul class=\"wp-block-list\">\n<li>une amende conform\u00e9ment au r\u00e8glement ;<\/li>\n\n\n\n<li>une p\u00e9nalit\u00e9 de 10 points au classement num\u00e9rique pour chaque match non disput\u00e9.<\/li>\n<\/ul>\n\n\n\n<p>Un certificat m\u00e9dical permet d&#8217;\u00e9viter l&#8217;amende mais pas la perte des 10 points. Si une d\u00e9claration d\u2019accident officielle est introduite aupr\u00e8s de l\u2019assurance de l\u2019AFTT ou de la VTTL, la commission comp\u00e9tente pourra examiner la situation et d\u00e9cider de ne pas appliquer tout ou partie des sanctions pr\u00e9vues.<\/p>\n","protected":false},"excerpt":{"rendered":"<p>Lors d\u2019une rencontre d\u2019interclubs, tous les matchs pr\u00e9vus doivent obligatoirement \u00eatre disput\u00e9s. Si un joueur ne dispute pas un match alors qu\u2019il est pr\u00e9sent, deux sanctions peuvent \u00eatre appliqu\u00e9es : Un certificat m\u00e9dical permet d&#8217;\u00e9viter l&#8217;amende mais pas la perte des 10 points. Si une d\u00e9claration d\u2019accident officielle est introduite aupr\u00e8s de l\u2019assurance de l\u2019AFTT &#8230; <a title=\"Interclubs &#8211; WO &#8211; Perte de 10 points\" class=\"read-more\" href=\"https:\/\/aftt.be\/index.php\/interclubs-wo-perte-de-10-points\/\" aria-label=\"En savoir plus sur Interclubs &#8211; WO &#8211; Perte de 10 points\">Lire la suite<\/a><\/p>\n","protected":false},"author":5,"featured_media":1410,"comment_status":"open","ping_status":"open","sticky":false,"template":"","format":"standard","meta":{"footnotes":""},"categories":[76],"tags":[],"class_list":["post-24784","post","type-post","status-publish","format-standard","has-post-thumbnail","hentry","category-classement"],"yoast_head":"<!-- This site is optimized with the Yoast SEO plugin v26.2 - https:\/\/yoast.com\/wordpress\/plugins\/seo\/ -->\n<title>Interclubs - WO - Perte de 10 points - AFTT<\/title>\n<meta name=\"robots\" content=\"index, follow, max-snippet:-1, max-image-preview:large, max-video-preview:-1\" \/>\n<link rel=\"canonical\" href=\"https:\/\/aftt.be\/index.php\/interclubs-wo-perte-de-10-points\/\" \/>\n<meta property=\"og:locale\" content=\"fr_FR\" \/>\n<meta property=\"og:type\" content=\"article\" \/>\n<meta property=\"og:title\" content=\"Interclubs - WO - Perte de 10 points - AFTT\" \/>\n<meta property=\"og:description\" content=\"Lors d\u2019une rencontre d\u2019interclubs, tous les matchs pr\u00e9vus doivent obligatoirement \u00eatre disput\u00e9s. Si un joueur ne dispute pas un match alors qu\u2019il est pr\u00e9sent, deux sanctions peuvent \u00eatre appliqu\u00e9es : Un certificat m\u00e9dical permet d&#8217;\u00e9viter l&#8217;amende mais pas la perte des 10 points. Si une d\u00e9claration d\u2019accident officielle est introduite aupr\u00e8s de l\u2019assurance de l\u2019AFTT ... Lire la suite\" \/>\n<meta property=\"og:url\" content=\"https:\/\/aftt.be\/index.php\/interclubs-wo-perte-de-10-points\/\" \/>\n<meta property=\"og:site_name\" content=\"AFTT\" \/>\n<meta property=\"article:publisher\" content=\"https:\/\/www.facebook.com\/AFTTofficiel\" \/>\n<meta property=\"article:published_time\" content=\"2026-09-01T07:46:57+00:00\" \/>\n<meta property=\"article:modified_time\" content=\"2026-09-01T07:46:58+00:00\" \/>\n<meta property=\"og:image\" content=\"https:\/\/aftt.be\/wp-content\/uploads\/2025\/01\/aftt-classement.png\" \/>\n\t<meta property=\"og:image:width\" content=\"260\" \/>\n\t<meta property=\"og:image:height\" content=\"100\" \/>\n\t<meta property=\"og:image:type\" content=\"image\/png\" \/>\n<meta name=\"author\" content=\"Marion Douin\" \/>\n<meta name=\"twitter:card\" content=\"summary_large_image\" \/>\n<meta name=\"twitter:label1\" content=\"\u00c9crit par\" \/>\n\t<meta name=\"twitter:data1\" content=\"Marion Douin\" \/>\n\t<meta name=\"twitter:label2\" content=\"Dur\u00e9e de lecture estim\u00e9e\" \/>\n\t<meta name=\"twitter:data2\" content=\"1 minute\" \/>\n<script type=\"application\/ld+json\" class=\"yoast-schema-graph\">{\"@context\":\"https:\/\/schema.org\",\"@graph\":[{\"@type\":\"Article\",\"@id\":\"https:\/\/aftt.be\/index.php\/interclubs-wo-perte-de-10-points\/#article\",\"isPartOf\":{\"@id\":\"https:\/\/aftt.be\/index.php\/interclubs-wo-perte-de-10-points\/\"},\"author\":{\"name\":\"Marion Douin\",\"@id\":\"https:\/\/aftt.be\/#\/schema\/person\/de0f4afc29215eb24695e7aed90610f4\"},\"headline\":\"Interclubs &#8211; WO &#8211; Perte de 10 points\",\"datePublished\":\"2026-09-01T07:46:57+00:00\",\"dateModified\":\"2026-09-01T07:46:58+00:00\",\"mainEntityOfPage\":{\"@id\":\"https:\/\/aftt.be\/index.php\/interclubs-wo-perte-de-10-points\/\"},\"wordCount\":122,\"commentCount\":0,\"publisher\":{\"@id\":\"https:\/\/aftt.be\/#organization\"},\"image\":{\"@id\":\"https:\/\/aftt.be\/index.php\/interclubs-wo-perte-de-10-points\/#primaryimage\"},\"thumbnailUrl\":\"https:\/\/aftt.be\/wp-content\/uploads\/2025\/01\/aftt-classement.png\",\"articleSection\":[\"Classement\"],\"inLanguage\":\"fr-FR\",\"potentialAction\":[{\"@type\":\"CommentAction\",\"name\":\"Comment\",\"target\":[\"https:\/\/aftt.be\/index.php\/interclubs-wo-perte-de-10-points\/#respond\"]}]},{\"@type\":\"WebPage\",\"@id\":\"https:\/\/aftt.be\/index.php\/interclubs-wo-perte-de-10-points\/\",\"url\":\"https:\/\/aftt.be\/index.php\/interclubs-wo-perte-de-10-points\/\",\"name\":\"Interclubs - WO - Perte de 10 points - AFTT\",\"isPartOf\":{\"@id\":\"https:\/\/aftt.be\/#website\"},\"primaryImageOfPage\":{\"@id\":\"https:\/\/aftt.be\/index.php\/interclubs-wo-perte-de-10-points\/#primaryimage\"},\"image\":{\"@id\":\"https:\/\/aftt.be\/index.php\/interclubs-wo-perte-de-10-points\/#primaryimage\"},\"thumbnailUrl\":\"https:\/\/aftt.be\/wp-content\/uploads\/2025\/01\/aftt-classement.png\",\"datePublished\":\"2026-09-01T07:46:57+00:00\",\"dateModified\":\"2026-09-01T07:46:58+00:00\",\"breadcrumb\":{\"@id\":\"https:\/\/aftt.be\/index.php\/interclubs-wo-perte-de-10-points\/#breadcrumb\"},\"inLanguage\":\"fr-FR\",\"potentialAction\":[{\"@type\":\"ReadAction\",\"target\":[\"https:\/\/aftt.be\/index.php\/interclubs-wo-perte-de-10-points\/\"]}]},{\"@type\":\"ImageObject\",\"inLanguage\":\"fr-FR\",\"@id\":\"https:\/\/aftt.be\/index.php\/interclubs-wo-perte-de-10-points\/#primaryimage\",\"url\":\"https:\/\/aftt.be\/wp-content\/uploads\/2025\/01\/aftt-classement.png\",\"contentUrl\":\"https:\/\/aftt.be\/wp-content\/uploads\/2025\/01\/aftt-classement.png\",\"width\":260,\"height\":100},{\"@type\":\"BreadcrumbList\",\"@id\":\"https:\/\/aftt.be\/index.php\/interclubs-wo-perte-de-10-points\/#breadcrumb\",\"itemListElement\":[{\"@type\":\"ListItem\",\"position\":1,\"name\":\"Accueil\",\"item\":\"https:\/\/aftt.be\/\"},{\"@type\":\"ListItem\",\"position\":2,\"name\":\"Interclubs &#8211; WO &#8211; Perte de 10 points\"}]},{\"@type\":\"WebSite\",\"@id\":\"https:\/\/aftt.be\/#website\",\"url\":\"https:\/\/aftt.be\/\",\"name\":\"AFTT\",\"description\":\"\",\"publisher\":{\"@id\":\"https:\/\/aftt.be\/#organization\"},\"potentialAction\":[{\"@type\":\"SearchAction\",\"target\":{\"@type\":\"EntryPoint\",\"urlTemplate\":\"https:\/\/aftt.be\/?s={search_term_string}\"},\"query-input\":{\"@type\":\"PropertyValueSpecification\",\"valueRequired\":true,\"valueName\":\"search_term_string\"}}],\"inLanguage\":\"fr-FR\"},{\"@type\":\"Organization\",\"@id\":\"https:\/\/aftt.be\/#organization\",\"name\":\"AFTT\",\"url\":\"https:\/\/aftt.be\/\",\"logo\":{\"@type\":\"ImageObject\",\"inLanguage\":\"fr-FR\",\"@id\":\"https:\/\/aftt.be\/#\/schema\/logo\/image\/\",\"url\":\"https:\/\/aftt.be\/wp-content\/uploads\/2024\/12\/AFTT-150x150-1.png\",\"contentUrl\":\"https:\/\/aftt.be\/wp-content\/uploads\/2024\/12\/AFTT-150x150-1.png\",\"width\":150,\"height\":150,\"caption\":\"AFTT\"},\"image\":{\"@id\":\"https:\/\/aftt.be\/#\/schema\/logo\/image\/\"},\"sameAs\":[\"https:\/\/www.facebook.com\/AFTTofficiel\"]},{\"@type\":\"Person\",\"@id\":\"https:\/\/aftt.be\/#\/schema\/person\/de0f4afc29215eb24695e7aed90610f4\",\"name\":\"Marion Douin\",\"image\":{\"@type\":\"ImageObject\",\"inLanguage\":\"fr-FR\",\"@id\":\"https:\/\/aftt.be\/#\/schema\/person\/image\/\",\"url\":\"https:\/\/secure.gravatar.com\/avatar\/97c78cc27fee19765081f5d7277f0b5505a94f61c2beee3c8711141825e8b884?s=96&d=mm&r=g\",\"contentUrl\":\"https:\/\/secure.gravatar.com\/avatar\/97c78cc27fee19765081f5d7277f0b5505a94f61c2beee3c8711141825e8b884?s=96&d=mm&r=g\",\"caption\":\"Marion Douin\"},\"url\":\"https:\/\/aftt.be\/index.php\/author\/mariondouin\/\"}]}<\/script>\n<!-- \/ Yoast SEO plugin. -->","yoast_head_json":{"title":"Interclubs - WO - Perte de 10 points - AFTT","robots":{"index":"index","follow":"follow","max-snippet":"max-snippet:-1","max-image-preview":"max-image-preview:large","max-video-preview":"max-video-preview:-1"},"canonical":"https:\/\/aftt.be\/index.php\/interclubs-wo-perte-de-10-points\/","og_locale":"fr_FR","og_type":"article","og_title":"Interclubs - WO - Perte de 10 points - AFTT","og_description":"Lors d\u2019une rencontre d\u2019interclubs, tous les matchs pr\u00e9vus doivent obligatoirement \u00eatre disput\u00e9s. Si un joueur ne dispute pas un match alors qu\u2019il est pr\u00e9sent, deux sanctions peuvent \u00eatre appliqu\u00e9es : Un certificat m\u00e9dical permet d&#8217;\u00e9viter l&#8217;amende mais pas la perte des 10 points. Si une d\u00e9claration d\u2019accident officielle est introduite aupr\u00e8s de l\u2019assurance de l\u2019AFTT ... Lire la suite","og_url":"https:\/\/aftt.be\/index.php\/interclubs-wo-perte-de-10-points\/","og_site_name":"AFTT","article_publisher":"https:\/\/www.facebook.com\/AFTTofficiel","article_published_time":"2026-09-01T07:46:57+00:00","article_modified_time":"2026-09-01T07:46:58+00:00","og_image":[{"width":260,"height":100,"url":"https:\/\/aftt.be\/wp-content\/uploads\/2025\/01\/aftt-classement.png","type":"image\/png"}],"author":"Marion Douin","twitter_card":"summary_large_image","twitter_misc":{"\u00c9crit par":"Marion Douin","Dur\u00e9e de lecture estim\u00e9e":"1 minute"},"schema":{"@context":"https:\/\/schema.org","@graph":[{"@type":"Article","@id":"https:\/\/aftt.be\/index.php\/interclubs-wo-perte-de-10-points\/#article","isPartOf":{"@id":"https:\/\/aftt.be\/index.php\/interclubs-wo-perte-de-10-points\/"},"author":{"name":"Marion Douin","@id":"https:\/\/aftt.be\/#\/schema\/person\/de0f4afc29215eb24695e7aed90610f4"},"headline":"Interclubs &#8211; WO &#8211; Perte de 10 points","datePublished":"2026-09-01T07:46:57+00:00","dateModified":"2026-09-01T07:46:58+00:00","mainEntityOfPage":{"@id":"https:\/\/aftt.be\/index.php\/interclubs-wo-perte-de-10-points\/"},"wordCount":122,"commentCount":0,"publisher":{"@id":"https:\/\/aftt.be\/#organization"},"image":{"@id":"https:\/\/aftt.be\/index.php\/interclubs-wo-perte-de-10-points\/#primaryimage"},"thumbnailUrl":"https:\/\/aftt.be\/wp-content\/uploads\/2025\/01\/aftt-classement.png","articleSection":["Classement"],"inLanguage":"fr-FR","potentialAction":[{"@type":"CommentAction","name":"Comment","target":["https:\/\/aftt.be\/index.php\/interclubs-wo-perte-de-10-points\/#respond"]}]},{"@type":"WebPage","@id":"https:\/\/aftt.be\/index.php\/interclubs-wo-perte-de-10-points\/","url":"https:\/\/aftt.be\/index.php\/interclubs-wo-perte-de-10-points\/","name":"Interclubs - WO - Perte de 10 points - AFTT","isPartOf":{"@id":"https:\/\/aftt.be\/#website"},"primaryImageOfPage":{"@id":"https:\/\/aftt.be\/index.php\/interclubs-wo-perte-de-10-points\/#primaryimage"},"image":{"@id":"https:\/\/aftt.be\/index.php\/interclubs-wo-perte-de-10-points\/#primaryimage"},"thumbnailUrl":"https:\/\/aftt.be\/wp-content\/uploads\/2025\/01\/aftt-classement.png","datePublished":"2026-09-01T07:46:57+00:00","dateModified":"2026-09-01T07:46:58+00:00","breadcrumb":{"@id":"https:\/\/aftt.be\/index.php\/interclubs-wo-perte-de-10-points\/#breadcrumb"},"inLanguage":"fr-FR","potentialAction":[{"@type":"ReadAction","target":["https:\/\/aftt.be\/index.php\/interclubs-wo-perte-de-10-points\/"]}]},{"@type":"ImageObject","inLanguage":"fr-FR","@id":"https:\/\/aftt.be\/index.php\/interclubs-wo-perte-de-10-points\/#primaryimage","url":"https:\/\/aftt.be\/wp-content\/uploads\/2025\/01\/aftt-classement.png","contentUrl":"https:\/\/aftt.be\/wp-content\/uploads\/2025\/01\/aftt-classement.png","width":260,"height":100},{"@type":"BreadcrumbList","@id":"https:\/\/aftt.be\/index.php\/interclubs-wo-perte-de-10-points\/#breadcrumb","itemListElement":[{"@type":"ListItem","position":1,"name":"Accueil","item":"https:\/\/aftt.be\/"},{"@type":"ListItem","position":2,"name":"Interclubs &#8211; WO &#8211; Perte de 10 points"}]},{"@type":"WebSite","@id":"https:\/\/aftt.be\/#website","url":"https:\/\/aftt.be\/","name":"AFTT","description":"","publisher":{"@id":"https:\/\/aftt.be\/#organization"},"potentialAction":[{"@type":"SearchAction","target":{"@type":"EntryPoint","urlTemplate":"https:\/\/aftt.be\/?s={search_term_string}"},"query-input":{"@type":"PropertyValueSpecification","valueRequired":true,"valueName":"search_term_string"}}],"inLanguage":"fr-FR"},{"@type":"Organization","@id":"https:\/\/aftt.be\/#organization","name":"AFTT","url":"https:\/\/aftt.be\/","logo":{"@type":"ImageObject","inLanguage":"fr-FR","@id":"https:\/\/aftt.be\/#\/schema\/logo\/image\/","url":"https:\/\/aftt.be\/wp-content\/uploads\/2024\/12\/AFTT-150x150-1.png","contentUrl":"https:\/\/aftt.be\/wp-content\/uploads\/2024\/12\/AFTT-150x150-1.png","width":150,"height":150,"caption":"AFTT"},"image":{"@id":"https:\/\/aftt.be\/#\/schema\/logo\/image\/"},"sameAs":["https:\/\/www.facebook.com\/AFTTofficiel"]},{"@type":"Person","@id":"https:\/\/aftt.be\/#\/schema\/person\/de0f4afc29215eb24695e7aed90610f4","name":"Marion Douin","image":{"@type":"ImageObject","inLanguage":"fr-FR","@id":"https:\/\/aftt.be\/#\/schema\/person\/image\/","url":"https:\/\/secure.gravatar.com\/avatar\/97c78cc27fee19765081f5d7277f0b5505a94f61c2beee3c8711141825e8b884?s=96&d=mm&r=g","contentUrl":"https:\/\/secure.gravatar.com\/avatar\/97c78cc27fee19765081f5d7277f0b5505a94f61c2beee3c8711141825e8b884?s=96&d=mm&r=g","caption":"Marion Douin"},"url":"https:\/\/aftt.be\/index.php\/author\/mariondouin\/"}]}},"_links":{"self":[{"href":"https:\/\/aftt.be\/index.php\/wp-json\/wp\/v2\/posts\/24784","targetHints":{"allow":["GET"]}}],"collection":[{"href":"https:\/\/aftt.be\/index.php\/wp-json\/wp\/v2\/posts"}],"about":[{"href":"https:\/\/aftt.be\/index.php\/wp-json\/wp\/v2\/types\/post"}],"author":[{"embeddable":true,"href":"https:\/\/aftt.be\/index.php\/wp-json\/wp\/v2\/users\/5"}],"replies":[{"embeddable":true,"href":"https:\/\/aftt.be\/index.php\/wp-json\/wp\/v2\/comments?post=24784"}],"version-history":[{"count":1,"href":"https:\/\/aftt.be\/index.php\/wp-json\/wp\/v2\/posts\/24784\/revisions"}],"predecessor-version":[{"id":24785,"href":"https:\/\/aftt.be\/index.php\/wp-json\/wp\/v2\/posts\/24784\/revisions\/24785"}],"wp:featuredmedia":[{"embeddable":true,"href":"https:\/\/aftt.be\/index.php\/wp-json\/wp\/v2\/media\/1410"}],"wp:attachment":[{"href":"https:\/\/aftt.be\/index.php\/wp-json\/wp\/v2\/media?parent=24784"}],"wp:term":[{"taxonomy":"category","embeddable":true,"href":"https:\/\/aftt.be\/index.php\/wp-json\/wp\/v2\/categories?post=24784"},{"taxonomy":"post_tag","embeddable":true,"href":"https:\/\/aftt.be\/index.php\/wp-json\/wp\/v2\/tags?post=24784"}],"curies":[{"name":"wp","href":"https:\/\/api.w.org\/{rel}","templated":true}]}}