{"id":24780,"date":"2026-09-01T06:39:12","date_gmt":"2026-09-01T06:39:12","guid":{"rendered":"https:\/\/aftt.be\/?p=24780"},"modified":"2026-09-01T06:39:25","modified_gmt":"2026-09-01T06:39:25","slug":"selections-championnats-deurope-jeunes","status":"publish","type":"post","link":"https:\/\/aftt.be\/index.php\/selections-championnats-deurope-jeunes\/","title":{"rendered":"S\u00e9lections Championnats d&#8217;Europe Jeunes"},"content":{"rendered":"\n<div data-wp-interactive=\"core\/file\" class=\"wp-block-file\"><object data-wp-bind--hidden=\"!state.hasPdfPreview\" hidden class=\"wp-block-file__embed\" data=\"https:\/\/aftt.be\/wp-content\/uploads\/2026\/09\/Selections-Championnats-dEurope-Jeunes.pdf\" type=\"application\/pdf\" style=\"width:100%;height:600px\" aria-label=\"Contenu embarqu\u00e9 S\u00e9lections Championnats d&#039;Europe Jeunes.\"><\/object><a id=\"wp-block-file--media-e747cf58-9ce6-4318-bf8e-3b0115d4eac2\" href=\"https:\/\/aftt.be\/wp-content\/uploads\/2026\/09\/Selections-Championnats-dEurope-Jeunes.pdf\">S\u00e9lections Championnats d&#8217;Europe Jeunes<\/a><a href=\"https:\/\/aftt.be\/wp-content\/uploads\/2026\/09\/Selections-Championnats-dEurope-Jeunes.pdf\" class=\"wp-block-file__button wp-element-button\" download aria-describedby=\"wp-block-file--media-e747cf58-9ce6-4318-bf8e-3b0115d4eac2\">T\u00e9l\u00e9charger<\/a><\/div>\n\n\n\n<p><\/p>\n","protected":false},"excerpt":{"rendered":"","protected":false},"author":5,"featured_media":1433,"comment_status":"open","ping_status":"open","sticky":false,"template":"","format":"standard","meta":{"footnotes":""},"categories":[72,10],"tags":[],"class_list":["post-24780","post","type-post","status-publish","format-standard","has-post-thumbnail","hentry","category-frbtt","category-informations-administratives"],"yoast_head":"<!-- This site is optimized with the Yoast SEO plugin v26.2 - https:\/\/yoast.com\/wordpress\/plugins\/seo\/ -->\n<title>S\u00e9lections Championnats d&#039;Europe Jeunes - AFTT<\/title>\n<meta name=\"robots\" content=\"index, follow, max-snippet:-1, max-image-preview:large, max-video-preview:-1\" \/>\n<link rel=\"canonical\" href=\"https:\/\/aftt.be\/index.php\/selections-championnats-deurope-jeunes\/\" \/>\n<meta property=\"og:locale\" content=\"fr_FR\" \/>\n<meta property=\"og:type\" content=\"article\" \/>\n<meta property=\"og:title\" content=\"S\u00e9lections Championnats d&#039;Europe Jeunes - AFTT\" \/>\n<meta property=\"og:url\" content=\"https:\/\/aftt.be\/index.php\/selections-championnats-deurope-jeunes\/\" \/>\n<meta property=\"og:site_name\" content=\"AFTT\" \/>\n<meta property=\"article:publisher\" content=\"https:\/\/www.facebook.com\/AFTTofficiel\" \/>\n<meta property=\"article:published_time\" content=\"2026-09-01T06:39:12+00:00\" \/>\n<meta property=\"article:modified_time\" content=\"2026-09-01T06:39:25+00:00\" \/>\n<meta property=\"og:image\" content=\"https:\/\/aftt.be\/wp-content\/uploads\/2024\/12\/7.png\" \/>\n\t<meta property=\"og:image:width\" content=\"260\" \/>\n\t<meta property=\"og:image:height\" content=\"100\" \/>\n\t<meta property=\"og:image:type\" content=\"image\/png\" \/>\n<meta name=\"author\" content=\"Marion Douin\" \/>\n<meta name=\"twitter:card\" content=\"summary_large_image\" \/>\n<meta name=\"twitter:label1\" content=\"\u00c9crit par\" \/>\n\t<meta name=\"twitter:data1\" content=\"Marion Douin\" \/>\n\t<meta name=\"twitter:label2\" content=\"Dur\u00e9e de lecture estim\u00e9e\" \/>\n\t<meta name=\"twitter:data2\" content=\"1 minute\" \/>\n<script type=\"application\/ld+json\" class=\"yoast-schema-graph\">{\"@context\":\"https:\/\/schema.org\",\"@graph\":[{\"@type\":\"Article\",\"@id\":\"https:\/\/aftt.be\/index.php\/selections-championnats-deurope-jeunes\/#article\",\"isPartOf\":{\"@id\":\"https:\/\/aftt.be\/index.php\/selections-championnats-deurope-jeunes\/\"},\"author\":{\"name\":\"Marion Douin\",\"@id\":\"https:\/\/aftt.be\/#\/schema\/person\/de0f4afc29215eb24695e7aed90610f4\"},\"headline\":\"S\u00e9lections Championnats d&#8217;Europe Jeunes\",\"datePublished\":\"2026-09-01T06:39:12+00:00\",\"dateModified\":\"2026-09-01T06:39:25+00:00\",\"mainEntityOfPage\":{\"@id\":\"https:\/\/aftt.be\/index.php\/selections-championnats-deurope-jeunes\/\"},\"wordCount\":15,\"commentCount\":0,\"publisher\":{\"@id\":\"https:\/\/aftt.be\/#organization\"},\"image\":{\"@id\":\"https:\/\/aftt.be\/index.php\/selections-championnats-deurope-jeunes\/#primaryimage\"},\"thumbnailUrl\":\"https:\/\/aftt.be\/wp-content\/uploads\/2024\/12\/7.png\",\"articleSection\":[\"FRBTT\",\"Informations administratives\"],\"inLanguage\":\"fr-FR\",\"potentialAction\":[{\"@type\":\"CommentAction\",\"name\":\"Comment\",\"target\":[\"https:\/\/aftt.be\/index.php\/selections-championnats-deurope-jeunes\/#respond\"]}]},{\"@type\":\"WebPage\",\"@id\":\"https:\/\/aftt.be\/index.php\/selections-championnats-deurope-jeunes\/\",\"url\":\"https:\/\/aftt.be\/index.php\/selections-championnats-deurope-jeunes\/\",\"name\":\"S\u00e9lections Championnats d'Europe Jeunes - AFTT\",\"isPartOf\":{\"@id\":\"https:\/\/aftt.be\/#website\"},\"primaryImageOfPage\":{\"@id\":\"https:\/\/aftt.be\/index.php\/selections-championnats-deurope-jeunes\/#primaryimage\"},\"image\":{\"@id\":\"https:\/\/aftt.be\/index.php\/selections-championnats-deurope-jeunes\/#primaryimage\"},\"thumbnailUrl\":\"https:\/\/aftt.be\/wp-content\/uploads\/2024\/12\/7.png\",\"datePublished\":\"2026-09-01T06:39:12+00:00\",\"dateModified\":\"2026-09-01T06:39:25+00:00\",\"breadcrumb\":{\"@id\":\"https:\/\/aftt.be\/index.php\/selections-championnats-deurope-jeunes\/#breadcrumb\"},\"inLanguage\":\"fr-FR\",\"potentialAction\":[{\"@type\":\"ReadAction\",\"target\":[\"https:\/\/aftt.be\/index.php\/selections-championnats-deurope-jeunes\/\"]}]},{\"@type\":\"ImageObject\",\"inLanguage\":\"fr-FR\",\"@id\":\"https:\/\/aftt.be\/index.php\/selections-championnats-deurope-jeunes\/#primaryimage\",\"url\":\"https:\/\/aftt.be\/wp-content\/uploads\/2024\/12\/7.png\",\"contentUrl\":\"https:\/\/aftt.be\/wp-content\/uploads\/2024\/12\/7.png\",\"width\":260,\"height\":100},{\"@type\":\"BreadcrumbList\",\"@id\":\"https:\/\/aftt.be\/index.php\/selections-championnats-deurope-jeunes\/#breadcrumb\",\"itemListElement\":[{\"@type\":\"ListItem\",\"position\":1,\"name\":\"Accueil\",\"item\":\"https:\/\/aftt.be\/\"},{\"@type\":\"ListItem\",\"position\":2,\"name\":\"S\u00e9lections Championnats d&#8217;Europe Jeunes\"}]},{\"@type\":\"WebSite\",\"@id\":\"https:\/\/aftt.be\/#website\",\"url\":\"https:\/\/aftt.be\/\",\"name\":\"AFTT\",\"description\":\"\",\"publisher\":{\"@id\":\"https:\/\/aftt.be\/#organization\"},\"potentialAction\":[{\"@type\":\"SearchAction\",\"target\":{\"@type\":\"EntryPoint\",\"urlTemplate\":\"https:\/\/aftt.be\/?s={search_term_string}\"},\"query-input\":{\"@type\":\"PropertyValueSpecification\",\"valueRequired\":true,\"valueName\":\"search_term_string\"}}],\"inLanguage\":\"fr-FR\"},{\"@type\":\"Organization\",\"@id\":\"https:\/\/aftt.be\/#organization\",\"name\":\"AFTT\",\"url\":\"https:\/\/aftt.be\/\",\"logo\":{\"@type\":\"ImageObject\",\"inLanguage\":\"fr-FR\",\"@id\":\"https:\/\/aftt.be\/#\/schema\/logo\/image\/\",\"url\":\"https:\/\/aftt.be\/wp-content\/uploads\/2024\/12\/AFTT-150x150-1.png\",\"contentUrl\":\"https:\/\/aftt.be\/wp-content\/uploads\/2024\/12\/AFTT-150x150-1.png\",\"width\":150,\"height\":150,\"caption\":\"AFTT\"},\"image\":{\"@id\":\"https:\/\/aftt.be\/#\/schema\/logo\/image\/\"},\"sameAs\":[\"https:\/\/www.facebook.com\/AFTTofficiel\"]},{\"@type\":\"Person\",\"@id\":\"https:\/\/aftt.be\/#\/schema\/person\/de0f4afc29215eb24695e7aed90610f4\",\"name\":\"Marion Douin\",\"image\":{\"@type\":\"ImageObject\",\"inLanguage\":\"fr-FR\",\"@id\":\"https:\/\/aftt.be\/#\/schema\/person\/image\/\",\"url\":\"https:\/\/secure.gravatar.com\/avatar\/97c78cc27fee19765081f5d7277f0b5505a94f61c2beee3c8711141825e8b884?s=96&d=mm&r=g\",\"contentUrl\":\"https:\/\/secure.gravatar.com\/avatar\/97c78cc27fee19765081f5d7277f0b5505a94f61c2beee3c8711141825e8b884?s=96&d=mm&r=g\",\"caption\":\"Marion Douin\"},\"url\":\"https:\/\/aftt.be\/index.php\/author\/mariondouin\/\"}]}<\/script>\n<!-- \/ Yoast SEO plugin. -->","yoast_head_json":{"title":"S\u00e9lections Championnats d'Europe Jeunes - AFTT","robots":{"index":"index","follow":"follow","max-snippet":"max-snippet:-1","max-image-preview":"max-image-preview:large","max-video-preview":"max-video-preview:-1"},"canonical":"https:\/\/aftt.be\/index.php\/selections-championnats-deurope-jeunes\/","og_locale":"fr_FR","og_type":"article","og_title":"S\u00e9lections Championnats d'Europe Jeunes - AFTT","og_url":"https:\/\/aftt.be\/index.php\/selections-championnats-deurope-jeunes\/","og_site_name":"AFTT","article_publisher":"https:\/\/www.facebook.com\/AFTTofficiel","article_published_time":"2026-09-01T06:39:12+00:00","article_modified_time":"2026-09-01T06:39:25+00:00","og_image":[{"width":260,"height":100,"url":"https:\/\/aftt.be\/wp-content\/uploads\/2024\/12\/7.png","type":"image\/png"}],"author":"Marion Douin","twitter_card":"summary_large_image","twitter_misc":{"\u00c9crit par":"Marion Douin","Dur\u00e9e de lecture estim\u00e9e":"1 minute"},"schema":{"@context":"https:\/\/schema.org","@graph":[{"@type":"Article","@id":"https:\/\/aftt.be\/index.php\/selections-championnats-deurope-jeunes\/#article","isPartOf":{"@id":"https:\/\/aftt.be\/index.php\/selections-championnats-deurope-jeunes\/"},"author":{"name":"Marion Douin","@id":"https:\/\/aftt.be\/#\/schema\/person\/de0f4afc29215eb24695e7aed90610f4"},"headline":"S\u00e9lections Championnats d&#8217;Europe Jeunes","datePublished":"2026-09-01T06:39:12+00:00","dateModified":"2026-09-01T06:39:25+00:00","mainEntityOfPage":{"@id":"https:\/\/aftt.be\/index.php\/selections-championnats-deurope-jeunes\/"},"wordCount":15,"commentCount":0,"publisher":{"@id":"https:\/\/aftt.be\/#organization"},"image":{"@id":"https:\/\/aftt.be\/index.php\/selections-championnats-deurope-jeunes\/#primaryimage"},"thumbnailUrl":"https:\/\/aftt.be\/wp-content\/uploads\/2024\/12\/7.png","articleSection":["FRBTT","Informations administratives"],"inLanguage":"fr-FR","potentialAction":[{"@type":"CommentAction","name":"Comment","target":["https:\/\/aftt.be\/index.php\/selections-championnats-deurope-jeunes\/#respond"]}]},{"@type":"WebPage","@id":"https:\/\/aftt.be\/index.php\/selections-championnats-deurope-jeunes\/","url":"https:\/\/aftt.be\/index.php\/selections-championnats-deurope-jeunes\/","name":"S\u00e9lections Championnats d'Europe Jeunes - AFTT","isPartOf":{"@id":"https:\/\/aftt.be\/#website"},"primaryImageOfPage":{"@id":"https:\/\/aftt.be\/index.php\/selections-championnats-deurope-jeunes\/#primaryimage"},"image":{"@id":"https:\/\/aftt.be\/index.php\/selections-championnats-deurope-jeunes\/#primaryimage"},"thumbnailUrl":"https:\/\/aftt.be\/wp-content\/uploads\/2024\/12\/7.png","datePublished":"2026-09-01T06:39:12+00:00","dateModified":"2026-09-01T06:39:25+00:00","breadcrumb":{"@id":"https:\/\/aftt.be\/index.php\/selections-championnats-deurope-jeunes\/#breadcrumb"},"inLanguage":"fr-FR","potentialAction":[{"@type":"ReadAction","target":["https:\/\/aftt.be\/index.php\/selections-championnats-deurope-jeunes\/"]}]},{"@type":"ImageObject","inLanguage":"fr-FR","@id":"https:\/\/aftt.be\/index.php\/selections-championnats-deurope-jeunes\/#primaryimage","url":"https:\/\/aftt.be\/wp-content\/uploads\/2024\/12\/7.png","contentUrl":"https:\/\/aftt.be\/wp-content\/uploads\/2024\/12\/7.png","width":260,"height":100},{"@type":"BreadcrumbList","@id":"https:\/\/aftt.be\/index.php\/selections-championnats-deurope-jeunes\/#breadcrumb","itemListElement":[{"@type":"ListItem","position":1,"name":"Accueil","item":"https:\/\/aftt.be\/"},{"@type":"ListItem","position":2,"name":"S\u00e9lections Championnats d&#8217;Europe Jeunes"}]},{"@type":"WebSite","@id":"https:\/\/aftt.be\/#website","url":"https:\/\/aftt.be\/","name":"AFTT","description":"","publisher":{"@id":"https:\/\/aftt.be\/#organization"},"potentialAction":[{"@type":"SearchAction","target":{"@type":"EntryPoint","urlTemplate":"https:\/\/aftt.be\/?s={search_term_string}"},"query-input":{"@type":"PropertyValueSpecification","valueRequired":true,"valueName":"search_term_string"}}],"inLanguage":"fr-FR"},{"@type":"Organization","@id":"https:\/\/aftt.be\/#organization","name":"AFTT","url":"https:\/\/aftt.be\/","logo":{"@type":"ImageObject","inLanguage":"fr-FR","@id":"https:\/\/aftt.be\/#\/schema\/logo\/image\/","url":"https:\/\/aftt.be\/wp-content\/uploads\/2024\/12\/AFTT-150x150-1.png","contentUrl":"https:\/\/aftt.be\/wp-content\/uploads\/2024\/12\/AFTT-150x150-1.png","width":150,"height":150,"caption":"AFTT"},"image":{"@id":"https:\/\/aftt.be\/#\/schema\/logo\/image\/"},"sameAs":["https:\/\/www.facebook.com\/AFTTofficiel"]},{"@type":"Person","@id":"https:\/\/aftt.be\/#\/schema\/person\/de0f4afc29215eb24695e7aed90610f4","name":"Marion Douin","image":{"@type":"ImageObject","inLanguage":"fr-FR","@id":"https:\/\/aftt.be\/#\/schema\/person\/image\/","url":"https:\/\/secure.gravatar.com\/avatar\/97c78cc27fee19765081f5d7277f0b5505a94f61c2beee3c8711141825e8b884?s=96&d=mm&r=g","contentUrl":"https:\/\/secure.gravatar.com\/avatar\/97c78cc27fee19765081f5d7277f0b5505a94f61c2beee3c8711141825e8b884?s=96&d=mm&r=g","caption":"Marion Douin"},"url":"https:\/\/aftt.be\/index.php\/author\/mariondouin\/"}]}},"_links":{"self":[{"href":"https:\/\/aftt.be\/index.php\/wp-json\/wp\/v2\/posts\/24780","targetHints":{"allow":["GET"]}}],"collection":[{"href":"https:\/\/aftt.be\/index.php\/wp-json\/wp\/v2\/posts"}],"about":[{"href":"https:\/\/aftt.be\/index.php\/wp-json\/wp\/v2\/types\/post"}],"author":[{"embeddable":true,"href":"https:\/\/aftt.be\/index.php\/wp-json\/wp\/v2\/users\/5"}],"replies":[{"embeddable":true,"href":"https:\/\/aftt.be\/index.php\/wp-json\/wp\/v2\/comments?post=24780"}],"version-history":[{"count":1,"href":"https:\/\/aftt.be\/index.php\/wp-json\/wp\/v2\/posts\/24780\/revisions"}],"predecessor-version":[{"id":24782,"href":"https:\/\/aftt.be\/index.php\/wp-json\/wp\/v2\/posts\/24780\/revisions\/24782"}],"wp:featuredmedia":[{"embeddable":true,"href":"https:\/\/aftt.be\/index.php\/wp-json\/wp\/v2\/media\/1433"}],"wp:attachment":[{"href":"https:\/\/aftt.be\/index.php\/wp-json\/wp\/v2\/media?parent=24780"}],"wp:term":[{"taxonomy":"category","embeddable":true,"href":"https:\/\/aftt.be\/index.php\/wp-json\/wp\/v2\/categories?post=24780"},{"taxonomy":"post_tag","embeddable":true,"href":"https:\/\/aftt.be\/index.php\/wp-json\/wp\/v2\/tags?post=24780"}],"curies":[{"name":"wp","href":"https:\/\/api.w.org\/{rel}","templated":true}]}}