{"id":24740,"date":"2026-09-01T06:27:55","date_gmt":"2026-09-01T06:27:55","guid":{"rendered":"https:\/\/aftt.be\/?p=24740"},"modified":"2026-09-01T06:27:56","modified_gmt":"2026-09-01T06:27:56","slug":"open-de-belgique","status":"publish","type":"post","link":"https:\/\/aftt.be\/index.php\/open-de-belgique\/","title":{"rendered":"Open de Belgique"},"content":{"rendered":"\n<p><strong>Informations <\/strong><\/p>\n\n\n\n<p><strong>Dates<\/strong> : 17 au 20 septembre <br><strong>Lieu<\/strong> : Hall du Paire, Pepinster<\/p>\n\n\n\n<p><strong>Joueurs s\u00e9lectionn\u00e9s <\/strong><\/p>\n\n\n\n<p>Florian CAMBIER, Matt CLOSSET, Tom CLOSSET, David COMELIAU, Maxime DEGIVE, Jamie ELING, Edouard GERSON, Per GEVERS, Tim GILTIA, Soan MAHY, Auguste OLDENHOVE DE GUERTECHIN, Th\u00e9o PIRET, Gauthier RENKIN, Bilegdorj SVREN, Ga\u00ebtan SWARTENBROUCKX, Lucas WARRAND, Noa WARRAND<\/p>\n\n\n\n<p>Kathe DE MEYER, Elo\u00efse DUVIVIER, Lessia LEWYCKYJ, Lilou MASSART, Lotte NUYTTENS, Alicia WARRAND<\/p>\n\n\n\n<figure class=\"wp-block-gallery has-nested-images columns-default is-cropped wp-block-gallery-1 is-layout-flex wp-block-gallery-is-layout-flex\">\n<figure class=\"wp-block-image size-large\"><img fetchpriority=\"high\" decoding=\"async\" width=\"724\" height=\"1024\" data-id=\"24741\" src=\"https:\/\/aftt.be\/wp-content\/uploads\/2026\/08\/CP-E-et-D-724x1024.png\" alt=\"\" class=\"wp-image-24741\" srcset=\"https:\/\/aftt.be\/wp-content\/uploads\/2026\/08\/CP-E-et-D-724x1024.png 724w, https:\/\/aftt.be\/wp-content\/uploads\/2026\/08\/CP-E-et-D-212x300.png 212w, https:\/\/aftt.be\/wp-content\/uploads\/2026\/08\/CP-E-et-D-768x1086.png 768w, https:\/\/aftt.be\/wp-content\/uploads\/2026\/08\/CP-E-et-D-1086x1536.png 1086w, https:\/\/aftt.be\/wp-content\/uploads\/2026\/08\/CP-E-et-D-750x1061.png 750w, https:\/\/aftt.be\/wp-content\/uploads\/2026\/08\/CP-E-et-D-1140x1612.png 1140w, https:\/\/aftt.be\/wp-content\/uploads\/2026\/08\/CP-E-et-D.png 1414w\" sizes=\"(max-width: 724px) 100vw, 724px\" \/><\/figure>\n<\/figure>\n\n\n\n<p><\/p>\n","protected":false},"excerpt":{"rendered":"<p>Informations Dates : 17 au 20 septembre Lieu : Hall du Paire, Pepinster Joueurs s\u00e9lectionn\u00e9s Florian CAMBIER, Matt CLOSSET, Tom CLOSSET, David COMELIAU, Maxime DEGIVE, Jamie ELING, Edouard GERSON, Per GEVERS, Tim GILTIA, Soan MAHY, Auguste OLDENHOVE DE GUERTECHIN, Th\u00e9o PIRET, Gauthier RENKIN, Bilegdorj SVREN, Ga\u00ebtan SWARTENBROUCKX, Lucas WARRAND, Noa WARRAND Kathe DE MEYER, Elo\u00efse &#8230; <a title=\"Open de Belgique\" class=\"read-more\" href=\"https:\/\/aftt.be\/index.php\/open-de-belgique\/\" aria-label=\"En savoir plus sur Open de Belgique\">Lire la suite<\/a><\/p>\n","protected":false},"author":5,"featured_media":1424,"comment_status":"open","ping_status":"open","sticky":false,"template":"","format":"standard","meta":{"footnotes":""},"categories":[74,10],"tags":[],"class_list":["post-24740","post","type-post","status-publish","format-standard","has-post-thumbnail","hentry","category-competitions","category-informations-administratives"],"yoast_head":"<!-- This site is optimized with the Yoast SEO plugin v26.2 - https:\/\/yoast.com\/wordpress\/plugins\/seo\/ -->\n<title>Open de Belgique - AFTT<\/title>\n<meta name=\"robots\" content=\"index, follow, max-snippet:-1, max-image-preview:large, max-video-preview:-1\" \/>\n<link rel=\"canonical\" href=\"https:\/\/aftt.be\/index.php\/open-de-belgique\/\" \/>\n<meta property=\"og:locale\" content=\"fr_FR\" \/>\n<meta property=\"og:type\" content=\"article\" \/>\n<meta property=\"og:title\" content=\"Open de Belgique - AFTT\" \/>\n<meta property=\"og:description\" content=\"Informations Dates : 17 au 20 septembre Lieu : Hall du Paire, Pepinster Joueurs s\u00e9lectionn\u00e9s Florian CAMBIER, Matt CLOSSET, Tom CLOSSET, David COMELIAU, Maxime DEGIVE, Jamie ELING, Edouard GERSON, Per GEVERS, Tim GILTIA, Soan MAHY, Auguste OLDENHOVE DE GUERTECHIN, Th\u00e9o PIRET, Gauthier RENKIN, Bilegdorj SVREN, Ga\u00ebtan SWARTENBROUCKX, Lucas WARRAND, Noa WARRAND Kathe DE MEYER, Elo\u00efse ... Lire la suite\" \/>\n<meta property=\"og:url\" content=\"https:\/\/aftt.be\/index.php\/open-de-belgique\/\" \/>\n<meta property=\"og:site_name\" content=\"AFTT\" \/>\n<meta property=\"article:publisher\" content=\"https:\/\/www.facebook.com\/AFTTofficiel\" \/>\n<meta property=\"article:published_time\" content=\"2026-09-01T06:27:55+00:00\" \/>\n<meta property=\"article:modified_time\" content=\"2026-09-01T06:27:56+00:00\" \/>\n<meta property=\"og:image\" content=\"https:\/\/aftt.be\/wp-content\/uploads\/2024\/12\/4-1.png\" \/>\n\t<meta property=\"og:image:width\" content=\"260\" \/>\n\t<meta property=\"og:image:height\" content=\"100\" \/>\n\t<meta property=\"og:image:type\" content=\"image\/png\" \/>\n<meta name=\"author\" content=\"Marion Douin\" \/>\n<meta name=\"twitter:card\" content=\"summary_large_image\" \/>\n<meta name=\"twitter:label1\" content=\"\u00c9crit par\" \/>\n\t<meta name=\"twitter:data1\" content=\"Marion Douin\" \/>\n\t<meta name=\"twitter:label2\" content=\"Dur\u00e9e de lecture estim\u00e9e\" \/>\n\t<meta name=\"twitter:data2\" content=\"1 minute\" \/>\n<script type=\"application\/ld+json\" class=\"yoast-schema-graph\">{\"@context\":\"https:\/\/schema.org\",\"@graph\":[{\"@type\":\"Article\",\"@id\":\"https:\/\/aftt.be\/index.php\/open-de-belgique\/#article\",\"isPartOf\":{\"@id\":\"https:\/\/aftt.be\/index.php\/open-de-belgique\/\"},\"author\":{\"name\":\"Marion Douin\",\"@id\":\"https:\/\/aftt.be\/#\/schema\/person\/de0f4afc29215eb24695e7aed90610f4\"},\"headline\":\"Open de Belgique\",\"datePublished\":\"2026-09-01T06:27:55+00:00\",\"dateModified\":\"2026-09-01T06:27:56+00:00\",\"mainEntityOfPage\":{\"@id\":\"https:\/\/aftt.be\/index.php\/open-de-belgique\/\"},\"wordCount\":68,\"commentCount\":0,\"publisher\":{\"@id\":\"https:\/\/aftt.be\/#organization\"},\"image\":{\"@id\":\"https:\/\/aftt.be\/index.php\/open-de-belgique\/#primaryimage\"},\"thumbnailUrl\":\"https:\/\/aftt.be\/wp-content\/uploads\/2024\/12\/4-1.png\",\"articleSection\":[\"Comp\u00e9titions\",\"Informations administratives\"],\"inLanguage\":\"fr-FR\",\"potentialAction\":[{\"@type\":\"CommentAction\",\"name\":\"Comment\",\"target\":[\"https:\/\/aftt.be\/index.php\/open-de-belgique\/#respond\"]}]},{\"@type\":\"WebPage\",\"@id\":\"https:\/\/aftt.be\/index.php\/open-de-belgique\/\",\"url\":\"https:\/\/aftt.be\/index.php\/open-de-belgique\/\",\"name\":\"Open de Belgique - AFTT\",\"isPartOf\":{\"@id\":\"https:\/\/aftt.be\/#website\"},\"primaryImageOfPage\":{\"@id\":\"https:\/\/aftt.be\/index.php\/open-de-belgique\/#primaryimage\"},\"image\":{\"@id\":\"https:\/\/aftt.be\/index.php\/open-de-belgique\/#primaryimage\"},\"thumbnailUrl\":\"https:\/\/aftt.be\/wp-content\/uploads\/2024\/12\/4-1.png\",\"datePublished\":\"2026-09-01T06:27:55+00:00\",\"dateModified\":\"2026-09-01T06:27:56+00:00\",\"breadcrumb\":{\"@id\":\"https:\/\/aftt.be\/index.php\/open-de-belgique\/#breadcrumb\"},\"inLanguage\":\"fr-FR\",\"potentialAction\":[{\"@type\":\"ReadAction\",\"target\":[\"https:\/\/aftt.be\/index.php\/open-de-belgique\/\"]}]},{\"@type\":\"ImageObject\",\"inLanguage\":\"fr-FR\",\"@id\":\"https:\/\/aftt.be\/index.php\/open-de-belgique\/#primaryimage\",\"url\":\"https:\/\/aftt.be\/wp-content\/uploads\/2024\/12\/4-1.png\",\"contentUrl\":\"https:\/\/aftt.be\/wp-content\/uploads\/2024\/12\/4-1.png\",\"width\":260,\"height\":100},{\"@type\":\"BreadcrumbList\",\"@id\":\"https:\/\/aftt.be\/index.php\/open-de-belgique\/#breadcrumb\",\"itemListElement\":[{\"@type\":\"ListItem\",\"position\":1,\"name\":\"Accueil\",\"item\":\"https:\/\/aftt.be\/\"},{\"@type\":\"ListItem\",\"position\":2,\"name\":\"Open de Belgique\"}]},{\"@type\":\"WebSite\",\"@id\":\"https:\/\/aftt.be\/#website\",\"url\":\"https:\/\/aftt.be\/\",\"name\":\"AFTT\",\"description\":\"\",\"publisher\":{\"@id\":\"https:\/\/aftt.be\/#organization\"},\"potentialAction\":[{\"@type\":\"SearchAction\",\"target\":{\"@type\":\"EntryPoint\",\"urlTemplate\":\"https:\/\/aftt.be\/?s={search_term_string}\"},\"query-input\":{\"@type\":\"PropertyValueSpecification\",\"valueRequired\":true,\"valueName\":\"search_term_string\"}}],\"inLanguage\":\"fr-FR\"},{\"@type\":\"Organization\",\"@id\":\"https:\/\/aftt.be\/#organization\",\"name\":\"AFTT\",\"url\":\"https:\/\/aftt.be\/\",\"logo\":{\"@type\":\"ImageObject\",\"inLanguage\":\"fr-FR\",\"@id\":\"https:\/\/aftt.be\/#\/schema\/logo\/image\/\",\"url\":\"https:\/\/aftt.be\/wp-content\/uploads\/2024\/12\/AFTT-150x150-1.png\",\"contentUrl\":\"https:\/\/aftt.be\/wp-content\/uploads\/2024\/12\/AFTT-150x150-1.png\",\"width\":150,\"height\":150,\"caption\":\"AFTT\"},\"image\":{\"@id\":\"https:\/\/aftt.be\/#\/schema\/logo\/image\/\"},\"sameAs\":[\"https:\/\/www.facebook.com\/AFTTofficiel\"]},{\"@type\":\"Person\",\"@id\":\"https:\/\/aftt.be\/#\/schema\/person\/de0f4afc29215eb24695e7aed90610f4\",\"name\":\"Marion Douin\",\"image\":{\"@type\":\"ImageObject\",\"inLanguage\":\"fr-FR\",\"@id\":\"https:\/\/aftt.be\/#\/schema\/person\/image\/\",\"url\":\"https:\/\/secure.gravatar.com\/avatar\/97c78cc27fee19765081f5d7277f0b5505a94f61c2beee3c8711141825e8b884?s=96&d=mm&r=g\",\"contentUrl\":\"https:\/\/secure.gravatar.com\/avatar\/97c78cc27fee19765081f5d7277f0b5505a94f61c2beee3c8711141825e8b884?s=96&d=mm&r=g\",\"caption\":\"Marion Douin\"},\"url\":\"https:\/\/aftt.be\/index.php\/author\/mariondouin\/\"}]}<\/script>\n<!-- \/ Yoast SEO plugin. -->","yoast_head_json":{"title":"Open de Belgique - AFTT","robots":{"index":"index","follow":"follow","max-snippet":"max-snippet:-1","max-image-preview":"max-image-preview:large","max-video-preview":"max-video-preview:-1"},"canonical":"https:\/\/aftt.be\/index.php\/open-de-belgique\/","og_locale":"fr_FR","og_type":"article","og_title":"Open de Belgique - AFTT","og_description":"Informations Dates : 17 au 20 septembre Lieu : Hall du Paire, Pepinster Joueurs s\u00e9lectionn\u00e9s Florian CAMBIER, Matt CLOSSET, Tom CLOSSET, David COMELIAU, Maxime DEGIVE, Jamie ELING, Edouard GERSON, Per GEVERS, Tim GILTIA, Soan MAHY, Auguste OLDENHOVE DE GUERTECHIN, Th\u00e9o PIRET, Gauthier RENKIN, Bilegdorj SVREN, Ga\u00ebtan SWARTENBROUCKX, Lucas WARRAND, Noa WARRAND Kathe DE MEYER, Elo\u00efse ... Lire la suite","og_url":"https:\/\/aftt.be\/index.php\/open-de-belgique\/","og_site_name":"AFTT","article_publisher":"https:\/\/www.facebook.com\/AFTTofficiel","article_published_time":"2026-09-01T06:27:55+00:00","article_modified_time":"2026-09-01T06:27:56+00:00","og_image":[{"width":260,"height":100,"url":"https:\/\/aftt.be\/wp-content\/uploads\/2024\/12\/4-1.png","type":"image\/png"}],"author":"Marion Douin","twitter_card":"summary_large_image","twitter_misc":{"\u00c9crit par":"Marion Douin","Dur\u00e9e de lecture estim\u00e9e":"1 minute"},"schema":{"@context":"https:\/\/schema.org","@graph":[{"@type":"Article","@id":"https:\/\/aftt.be\/index.php\/open-de-belgique\/#article","isPartOf":{"@id":"https:\/\/aftt.be\/index.php\/open-de-belgique\/"},"author":{"name":"Marion Douin","@id":"https:\/\/aftt.be\/#\/schema\/person\/de0f4afc29215eb24695e7aed90610f4"},"headline":"Open de Belgique","datePublished":"2026-09-01T06:27:55+00:00","dateModified":"2026-09-01T06:27:56+00:00","mainEntityOfPage":{"@id":"https:\/\/aftt.be\/index.php\/open-de-belgique\/"},"wordCount":68,"commentCount":0,"publisher":{"@id":"https:\/\/aftt.be\/#organization"},"image":{"@id":"https:\/\/aftt.be\/index.php\/open-de-belgique\/#primaryimage"},"thumbnailUrl":"https:\/\/aftt.be\/wp-content\/uploads\/2024\/12\/4-1.png","articleSection":["Comp\u00e9titions","Informations administratives"],"inLanguage":"fr-FR","potentialAction":[{"@type":"CommentAction","name":"Comment","target":["https:\/\/aftt.be\/index.php\/open-de-belgique\/#respond"]}]},{"@type":"WebPage","@id":"https:\/\/aftt.be\/index.php\/open-de-belgique\/","url":"https:\/\/aftt.be\/index.php\/open-de-belgique\/","name":"Open de Belgique - AFTT","isPartOf":{"@id":"https:\/\/aftt.be\/#website"},"primaryImageOfPage":{"@id":"https:\/\/aftt.be\/index.php\/open-de-belgique\/#primaryimage"},"image":{"@id":"https:\/\/aftt.be\/index.php\/open-de-belgique\/#primaryimage"},"thumbnailUrl":"https:\/\/aftt.be\/wp-content\/uploads\/2024\/12\/4-1.png","datePublished":"2026-09-01T06:27:55+00:00","dateModified":"2026-09-01T06:27:56+00:00","breadcrumb":{"@id":"https:\/\/aftt.be\/index.php\/open-de-belgique\/#breadcrumb"},"inLanguage":"fr-FR","potentialAction":[{"@type":"ReadAction","target":["https:\/\/aftt.be\/index.php\/open-de-belgique\/"]}]},{"@type":"ImageObject","inLanguage":"fr-FR","@id":"https:\/\/aftt.be\/index.php\/open-de-belgique\/#primaryimage","url":"https:\/\/aftt.be\/wp-content\/uploads\/2024\/12\/4-1.png","contentUrl":"https:\/\/aftt.be\/wp-content\/uploads\/2024\/12\/4-1.png","width":260,"height":100},{"@type":"BreadcrumbList","@id":"https:\/\/aftt.be\/index.php\/open-de-belgique\/#breadcrumb","itemListElement":[{"@type":"ListItem","position":1,"name":"Accueil","item":"https:\/\/aftt.be\/"},{"@type":"ListItem","position":2,"name":"Open de Belgique"}]},{"@type":"WebSite","@id":"https:\/\/aftt.be\/#website","url":"https:\/\/aftt.be\/","name":"AFTT","description":"","publisher":{"@id":"https:\/\/aftt.be\/#organization"},"potentialAction":[{"@type":"SearchAction","target":{"@type":"EntryPoint","urlTemplate":"https:\/\/aftt.be\/?s={search_term_string}"},"query-input":{"@type":"PropertyValueSpecification","valueRequired":true,"valueName":"search_term_string"}}],"inLanguage":"fr-FR"},{"@type":"Organization","@id":"https:\/\/aftt.be\/#organization","name":"AFTT","url":"https:\/\/aftt.be\/","logo":{"@type":"ImageObject","inLanguage":"fr-FR","@id":"https:\/\/aftt.be\/#\/schema\/logo\/image\/","url":"https:\/\/aftt.be\/wp-content\/uploads\/2024\/12\/AFTT-150x150-1.png","contentUrl":"https:\/\/aftt.be\/wp-content\/uploads\/2024\/12\/AFTT-150x150-1.png","width":150,"height":150,"caption":"AFTT"},"image":{"@id":"https:\/\/aftt.be\/#\/schema\/logo\/image\/"},"sameAs":["https:\/\/www.facebook.com\/AFTTofficiel"]},{"@type":"Person","@id":"https:\/\/aftt.be\/#\/schema\/person\/de0f4afc29215eb24695e7aed90610f4","name":"Marion Douin","image":{"@type":"ImageObject","inLanguage":"fr-FR","@id":"https:\/\/aftt.be\/#\/schema\/person\/image\/","url":"https:\/\/secure.gravatar.com\/avatar\/97c78cc27fee19765081f5d7277f0b5505a94f61c2beee3c8711141825e8b884?s=96&d=mm&r=g","contentUrl":"https:\/\/secure.gravatar.com\/avatar\/97c78cc27fee19765081f5d7277f0b5505a94f61c2beee3c8711141825e8b884?s=96&d=mm&r=g","caption":"Marion Douin"},"url":"https:\/\/aftt.be\/index.php\/author\/mariondouin\/"}]}},"_links":{"self":[{"href":"https:\/\/aftt.be\/index.php\/wp-json\/wp\/v2\/posts\/24740","targetHints":{"allow":["GET"]}}],"collection":[{"href":"https:\/\/aftt.be\/index.php\/wp-json\/wp\/v2\/posts"}],"about":[{"href":"https:\/\/aftt.be\/index.php\/wp-json\/wp\/v2\/types\/post"}],"author":[{"embeddable":true,"href":"https:\/\/aftt.be\/index.php\/wp-json\/wp\/v2\/users\/5"}],"replies":[{"embeddable":true,"href":"https:\/\/aftt.be\/index.php\/wp-json\/wp\/v2\/comments?post=24740"}],"version-history":[{"count":2,"href":"https:\/\/aftt.be\/index.php\/wp-json\/wp\/v2\/posts\/24740\/revisions"}],"predecessor-version":[{"id":24745,"href":"https:\/\/aftt.be\/index.php\/wp-json\/wp\/v2\/posts\/24740\/revisions\/24745"}],"wp:featuredmedia":[{"embeddable":true,"href":"https:\/\/aftt.be\/index.php\/wp-json\/wp\/v2\/media\/1424"}],"wp:attachment":[{"href":"https:\/\/aftt.be\/index.php\/wp-json\/wp\/v2\/media?parent=24740"}],"wp:term":[{"taxonomy":"category","embeddable":true,"href":"https:\/\/aftt.be\/index.php\/wp-json\/wp\/v2\/categories?post=24740"},{"taxonomy":"post_tag","embeddable":true,"href":"https:\/\/aftt.be\/index.php\/wp-json\/wp\/v2\/tags?post=24740"}],"curies":[{"name":"wp","href":"https:\/\/api.w.org\/{rel}","templated":true}]}}