{"id":24333,"date":"2026-08-11T07:51:23","date_gmt":"2026-08-11T07:51:23","guid":{"rendered":"https:\/\/aftt.be\/?p=24333"},"modified":"2026-08-14T19:41:35","modified_gmt":"2026-08-14T19:41:35","slug":"europe-smash-sweden-2026","status":"publish","type":"post","link":"https:\/\/aftt.be\/index.php\/europe-smash-sweden-2026\/","title":{"rendered":"Europe Smash &#8211; Sweden 2026"},"content":{"rendered":"\n<p>Du 8 au 16 ao\u00fbt 2026, quatre joueurs belges participent \u00e0 l\u2019Europe Smash de Malm\u00f6 : <strong>Adrien Rassenfosse, C\u00e9dric Nuytinck, Martin Allegro et Lilou Massart<\/strong>.<\/p>\n\n\n\n<p><strong>C\u00e9dric Nuytinck<\/strong><\/p>\n\n\n\n<ul class=\"wp-block-list\">\n<li>Qualifications \u2013 1er tour : victoire contre Albin Ingestr\u00f6m (SWE), <strong>3-0<\/strong><\/li>\n\n\n\n<li>Qualifications \u2013 2e tour : victoire contre Martin Allegro (BEL), <strong>3-2<\/strong> <em>(14-12, 11-9, 8-11, 14-16, 11-8)<\/em><\/li>\n\n\n\n<li>Qualifications \u2013 3e tour : victoire contre Harmeet Desai (IND), <strong>3-1<\/strong><\/li>\n\n\n\n<li>Tableau principal \u2013 1\/32e de finale : victoire contre Nicholas Lum (AUS), <strong>3-0<\/strong> <em> (11-9, 14-12, 11-9)<\/em><\/li>\n\n\n\n<li>Tableau principal \u2013 1\/16e de finale : d\u00e9faite contre Darko Jorgic (SLO),&nbsp;<strong>0-3<\/strong>&nbsp;<em>(9-11, 8-11, 11-13)<\/em><\/li>\n<\/ul>\n\n\n\n<p><strong>Adrien Rassenfosse<\/strong><\/p>\n\n\n\n<ul class=\"wp-block-list\">\n<li>Tableau principal \u2013 1\/32e de finale : d\u00e9faite contre Jang Woojin (KOR),&nbsp;<strong>1-3<\/strong> <em>(12-14, 9-11, 11-9, 8-11)<\/em><\/li>\n<\/ul>\n\n\n\n<p><strong>Martin Allegro<\/strong><\/p>\n\n\n\n<ul class=\"wp-block-list\">\n<li>Qualifications \u2013 1er tour : victoire contre Sid Naresh (USA), <strong>3-1<\/strong><em>&nbsp;(12-10, 13-15, 11-8, 11-6)<\/em><\/li>\n\n\n\n<li>Qualifications \u2013 2e tour : d\u00e9faite contre C\u00e9dric Nuytinck (BEL), <strong>2-3<\/strong> <em>(12-14, 9-11, 11-8, 16-14, 8-11)<\/em><\/li>\n<\/ul>\n\n\n\n<p><strong>Lilou Massart<\/strong><\/p>\n\n\n\n<ul class=\"wp-block-list\">\n<li>Qualifications \u2013 1er tour : d\u00e9faite contre Ng Wing Lam (HKG), <strong>0-3<\/strong> <em>(5-11, 12-14, 6-11)<\/em><\/li>\n<\/ul>\n\n\n\n<p><strong>DOUBLE MESSIEURS<\/strong><\/p>\n\n\n\n<ul class=\"wp-block-list\">\n<li>1\/16e de finale : exempts<\/li>\n\n\n\n<li>1\/8e de finale : victoire contre Sid Naresh\/Nandan Naresh (USA),\u00a0<strong>3-0<\/strong> <em>(12-10, 11-3, 11-9)<\/em><\/li>\n\n\n\n<li>Quart de finale : victoire contre Manav Thakkar\/Manush Shah (IND),\u00a0<strong>3-2<\/strong> <em>(5-11, 11-6, 6-11, 11-9, 15-13)<\/em><\/li>\n\n\n\n<li>Demi-finale : d\u00e9faite contre Alexis Lebrun \/ F\u00e9lix Lebrun (FRA), <strong>1-3<\/strong> (8-11, 11-7, 8-11, 2-11)<\/li>\n<\/ul>\n\n\n\n<p><a href=\"https:\/\/www.worldtabletennis.com\/eventInfo?eventId=3246\">Programme, tableaux et r\u00e9sultats officiels<\/a>\u2060<\/p>\n\n\n\n<p>Derni\u00e8re mise \u00e0 jour : 14 ao\u00fbt 2026<\/p>\n\n\n\n<figure class=\"wp-block-gallery has-nested-images columns-2 is-cropped wp-block-gallery-1 is-layout-flex wp-block-gallery-is-layout-flex\">\n<figure class=\"wp-block-image size-large\"><img fetchpriority=\"high\" decoding=\"async\" width=\"799\" height=\"533\" data-id=\"24336\" src=\"https:\/\/aftt.be\/wp-content\/uploads\/2026\/08\/55289764815_fff12c54e7_c.jpg\" alt=\"\" class=\"wp-image-24336\" srcset=\"https:\/\/aftt.be\/wp-content\/uploads\/2026\/08\/55289764815_fff12c54e7_c.jpg 799w, https:\/\/aftt.be\/wp-content\/uploads\/2026\/08\/55289764815_fff12c54e7_c-300x200.jpg 300w, https:\/\/aftt.be\/wp-content\/uploads\/2026\/08\/55289764815_fff12c54e7_c-768x512.jpg 768w, https:\/\/aftt.be\/wp-content\/uploads\/2026\/08\/55289764815_fff12c54e7_c-750x500.jpg 750w\" sizes=\"(max-width: 799px) 100vw, 799px\" \/><\/figure>\n\n\n\n<figure class=\"wp-block-image size-large\"><img decoding=\"async\" width=\"799\" height=\"533\" data-id=\"24337\" src=\"https:\/\/aftt.be\/wp-content\/uploads\/2026\/08\/55361583173_7798dd38ce_c.jpg\" alt=\"\" class=\"wp-image-24337\" srcset=\"https:\/\/aftt.be\/wp-content\/uploads\/2026\/08\/55361583173_7798dd38ce_c.jpg 799w, https:\/\/aftt.be\/wp-content\/uploads\/2026\/08\/55361583173_7798dd38ce_c-300x200.jpg 300w, https:\/\/aftt.be\/wp-content\/uploads\/2026\/08\/55361583173_7798dd38ce_c-768x512.jpg 768w, https:\/\/aftt.be\/wp-content\/uploads\/2026\/08\/55361583173_7798dd38ce_c-750x500.jpg 750w\" sizes=\"(max-width: 799px) 100vw, 799px\" \/><\/figure>\n\n\n\n<figure class=\"wp-block-image size-full\"><img decoding=\"async\" width=\"799\" height=\"533\" data-id=\"24340\" src=\"https:\/\/aftt.be\/wp-content\/uploads\/2026\/08\/Unknown.jpeg\" alt=\"\" class=\"wp-image-24340\" srcset=\"https:\/\/aftt.be\/wp-content\/uploads\/2026\/08\/Unknown.jpeg 799w, https:\/\/aftt.be\/wp-content\/uploads\/2026\/08\/Unknown-300x200.jpeg 300w, https:\/\/aftt.be\/wp-content\/uploads\/2026\/08\/Unknown-768x512.jpeg 768w, https:\/\/aftt.be\/wp-content\/uploads\/2026\/08\/Unknown-750x500.jpeg 750w\" sizes=\"(max-width: 799px) 100vw, 799px\" \/><\/figure>\n\n\n\n<figure class=\"wp-block-image size-large\"><img loading=\"lazy\" decoding=\"async\" width=\"1024\" height=\"683\" data-id=\"24365\" src=\"https:\/\/aftt.be\/wp-content\/uploads\/2026\/08\/55461706710_5c97be95d0_o-1024x683.jpg\" alt=\"\" class=\"wp-image-24365\" srcset=\"https:\/\/aftt.be\/wp-content\/uploads\/2026\/08\/55461706710_5c97be95d0_o-1024x683.jpg 1024w, https:\/\/aftt.be\/wp-content\/uploads\/2026\/08\/55461706710_5c97be95d0_o-300x200.jpg 300w, https:\/\/aftt.be\/wp-content\/uploads\/2026\/08\/55461706710_5c97be95d0_o-768x512.jpg 768w, https:\/\/aftt.be\/wp-content\/uploads\/2026\/08\/55461706710_5c97be95d0_o-1536x1024.jpg 1536w, https:\/\/aftt.be\/wp-content\/uploads\/2026\/08\/55461706710_5c97be95d0_o-750x500.jpg 750w, https:\/\/aftt.be\/wp-content\/uploads\/2026\/08\/55461706710_5c97be95d0_o-1140x760.jpg 1140w, https:\/\/aftt.be\/wp-content\/uploads\/2026\/08\/55461706710_5c97be95d0_o.jpg 1920w\" sizes=\"(max-width: 1024px) 100vw, 1024px\" \/><\/figure>\n<\/figure>\n\n\n\n<p><\/p>\n","protected":false},"excerpt":{"rendered":"<p>Du 8 au 16 ao\u00fbt 2026, quatre joueurs belges participent \u00e0 l\u2019Europe Smash de Malm\u00f6 : Adrien Rassenfosse, C\u00e9dric Nuytinck, Martin Allegro et Lilou Massart. C\u00e9dric Nuytinck Adrien Rassenfosse Martin Allegro Lilou Massart DOUBLE MESSIEURS Programme, tableaux et r\u00e9sultats officiels\u2060 Derni\u00e8re mise \u00e0 jour : 14 ao\u00fbt 2026<\/p>\n","protected":false},"author":5,"featured_media":24366,"comment_status":"open","ping_status":"open","sticky":false,"template":"","format":"standard","meta":{"footnotes":""},"categories":[69,9],"tags":[],"class_list":["post-24333","post","type-post","status-publish","format-standard","has-post-thumbnail","hentry","category-competitions-internationales","category-informations-sportives"],"yoast_head":"<!-- This site is optimized with the Yoast SEO plugin v26.2 - https:\/\/yoast.com\/wordpress\/plugins\/seo\/ -->\n<title>Europe Smash - Sweden 2026 - AFTT<\/title>\n<meta name=\"description\" content=\"Suivez les r\u00e9sultats d\u2019Adrien Rassenfosse, C\u00e9dric Nuytinck, Martin Allegro et Lilou Massart \u00e0 l\u2019Europe Smash 2026 de Malm\u00f6, en Su\u00e8de.\" \/>\n<meta name=\"robots\" content=\"index, follow, max-snippet:-1, max-image-preview:large, max-video-preview:-1\" \/>\n<link rel=\"canonical\" href=\"https:\/\/aftt.be\/index.php\/europe-smash-sweden-2026\/\" \/>\n<meta property=\"og:locale\" content=\"fr_FR\" \/>\n<meta property=\"og:type\" content=\"article\" \/>\n<meta property=\"og:title\" content=\"Europe Smash - Sweden 2026 - AFTT\" \/>\n<meta property=\"og:description\" content=\"Suivez les r\u00e9sultats d\u2019Adrien Rassenfosse, C\u00e9dric Nuytinck, Martin Allegro et Lilou Massart \u00e0 l\u2019Europe Smash 2026 de Malm\u00f6, en Su\u00e8de.\" \/>\n<meta property=\"og:url\" content=\"https:\/\/aftt.be\/index.php\/europe-smash-sweden-2026\/\" \/>\n<meta property=\"og:site_name\" content=\"AFTT\" \/>\n<meta property=\"article:publisher\" content=\"https:\/\/www.facebook.com\/AFTTofficiel\" \/>\n<meta property=\"article:published_time\" content=\"2026-08-11T07:51:23+00:00\" \/>\n<meta property=\"article:modified_time\" content=\"2026-08-14T19:41:35+00:00\" \/>\n<meta property=\"og:image\" content=\"https:\/\/aftt.be\/wp-content\/uploads\/2026\/08\/55461431368_9becfb4217_o.jpg\" \/>\n\t<meta property=\"og:image:width\" content=\"1920\" \/>\n\t<meta property=\"og:image:height\" content=\"1280\" \/>\n\t<meta property=\"og:image:type\" content=\"image\/jpeg\" \/>\n<meta name=\"author\" content=\"Marion Douin\" \/>\n<meta name=\"twitter:card\" content=\"summary_large_image\" \/>\n<meta name=\"twitter:label1\" content=\"\u00c9crit par\" \/>\n\t<meta name=\"twitter:data1\" content=\"Marion Douin\" \/>\n\t<meta name=\"twitter:label2\" content=\"Dur\u00e9e de lecture estim\u00e9e\" \/>\n\t<meta name=\"twitter:data2\" content=\"3 minutes\" \/>\n<script type=\"application\/ld+json\" class=\"yoast-schema-graph\">{\"@context\":\"https:\/\/schema.org\",\"@graph\":[{\"@type\":\"Article\",\"@id\":\"https:\/\/aftt.be\/index.php\/europe-smash-sweden-2026\/#article\",\"isPartOf\":{\"@id\":\"https:\/\/aftt.be\/index.php\/europe-smash-sweden-2026\/\"},\"author\":{\"name\":\"Marion Douin\",\"@id\":\"https:\/\/aftt.be\/#\/schema\/person\/de0f4afc29215eb24695e7aed90610f4\"},\"headline\":\"Europe Smash &#8211; Sweden 2026\",\"datePublished\":\"2026-08-11T07:51:23+00:00\",\"dateModified\":\"2026-08-14T19:41:35+00:00\",\"mainEntityOfPage\":{\"@id\":\"https:\/\/aftt.be\/index.php\/europe-smash-sweden-2026\/\"},\"wordCount\":224,\"commentCount\":0,\"publisher\":{\"@id\":\"https:\/\/aftt.be\/#organization\"},\"image\":{\"@id\":\"https:\/\/aftt.be\/index.php\/europe-smash-sweden-2026\/#primaryimage\"},\"thumbnailUrl\":\"https:\/\/aftt.be\/wp-content\/uploads\/2026\/08\/55461431368_9becfb4217_o.jpg\",\"articleSection\":[\"Comp\u00e9titions internationales\",\"Informations sportives\"],\"inLanguage\":\"fr-FR\",\"potentialAction\":[{\"@type\":\"CommentAction\",\"name\":\"Comment\",\"target\":[\"https:\/\/aftt.be\/index.php\/europe-smash-sweden-2026\/#respond\"]}]},{\"@type\":\"WebPage\",\"@id\":\"https:\/\/aftt.be\/index.php\/europe-smash-sweden-2026\/\",\"url\":\"https:\/\/aftt.be\/index.php\/europe-smash-sweden-2026\/\",\"name\":\"Europe Smash - Sweden 2026 - AFTT\",\"isPartOf\":{\"@id\":\"https:\/\/aftt.be\/#website\"},\"primaryImageOfPage\":{\"@id\":\"https:\/\/aftt.be\/index.php\/europe-smash-sweden-2026\/#primaryimage\"},\"image\":{\"@id\":\"https:\/\/aftt.be\/index.php\/europe-smash-sweden-2026\/#primaryimage\"},\"thumbnailUrl\":\"https:\/\/aftt.be\/wp-content\/uploads\/2026\/08\/55461431368_9becfb4217_o.jpg\",\"datePublished\":\"2026-08-11T07:51:23+00:00\",\"dateModified\":\"2026-08-14T19:41:35+00:00\",\"description\":\"Suivez les r\u00e9sultats d\u2019Adrien Rassenfosse, C\u00e9dric Nuytinck, Martin Allegro et Lilou Massart \u00e0 l\u2019Europe Smash 2026 de Malm\u00f6, en Su\u00e8de.\",\"breadcrumb\":{\"@id\":\"https:\/\/aftt.be\/index.php\/europe-smash-sweden-2026\/#breadcrumb\"},\"inLanguage\":\"fr-FR\",\"potentialAction\":[{\"@type\":\"ReadAction\",\"target\":[\"https:\/\/aftt.be\/index.php\/europe-smash-sweden-2026\/\"]}]},{\"@type\":\"ImageObject\",\"inLanguage\":\"fr-FR\",\"@id\":\"https:\/\/aftt.be\/index.php\/europe-smash-sweden-2026\/#primaryimage\",\"url\":\"https:\/\/aftt.be\/wp-content\/uploads\/2026\/08\/55461431368_9becfb4217_o.jpg\",\"contentUrl\":\"https:\/\/aftt.be\/wp-content\/uploads\/2026\/08\/55461431368_9becfb4217_o.jpg\",\"width\":1920,\"height\":1280},{\"@type\":\"BreadcrumbList\",\"@id\":\"https:\/\/aftt.be\/index.php\/europe-smash-sweden-2026\/#breadcrumb\",\"itemListElement\":[{\"@type\":\"ListItem\",\"position\":1,\"name\":\"Accueil\",\"item\":\"https:\/\/aftt.be\/\"},{\"@type\":\"ListItem\",\"position\":2,\"name\":\"Europe Smash &#8211; Sweden 2026\"}]},{\"@type\":\"WebSite\",\"@id\":\"https:\/\/aftt.be\/#website\",\"url\":\"https:\/\/aftt.be\/\",\"name\":\"AFTT\",\"description\":\"\",\"publisher\":{\"@id\":\"https:\/\/aftt.be\/#organization\"},\"potentialAction\":[{\"@type\":\"SearchAction\",\"target\":{\"@type\":\"EntryPoint\",\"urlTemplate\":\"https:\/\/aftt.be\/?s={search_term_string}\"},\"query-input\":{\"@type\":\"PropertyValueSpecification\",\"valueRequired\":true,\"valueName\":\"search_term_string\"}}],\"inLanguage\":\"fr-FR\"},{\"@type\":\"Organization\",\"@id\":\"https:\/\/aftt.be\/#organization\",\"name\":\"AFTT\",\"url\":\"https:\/\/aftt.be\/\",\"logo\":{\"@type\":\"ImageObject\",\"inLanguage\":\"fr-FR\",\"@id\":\"https:\/\/aftt.be\/#\/schema\/logo\/image\/\",\"url\":\"https:\/\/aftt.be\/wp-content\/uploads\/2024\/12\/AFTT-150x150-1.png\",\"contentUrl\":\"https:\/\/aftt.be\/wp-content\/uploads\/2024\/12\/AFTT-150x150-1.png\",\"width\":150,\"height\":150,\"caption\":\"AFTT\"},\"image\":{\"@id\":\"https:\/\/aftt.be\/#\/schema\/logo\/image\/\"},\"sameAs\":[\"https:\/\/www.facebook.com\/AFTTofficiel\"]},{\"@type\":\"Person\",\"@id\":\"https:\/\/aftt.be\/#\/schema\/person\/de0f4afc29215eb24695e7aed90610f4\",\"name\":\"Marion Douin\",\"image\":{\"@type\":\"ImageObject\",\"inLanguage\":\"fr-FR\",\"@id\":\"https:\/\/aftt.be\/#\/schema\/person\/image\/\",\"url\":\"https:\/\/secure.gravatar.com\/avatar\/97c78cc27fee19765081f5d7277f0b5505a94f61c2beee3c8711141825e8b884?s=96&d=mm&r=g\",\"contentUrl\":\"https:\/\/secure.gravatar.com\/avatar\/97c78cc27fee19765081f5d7277f0b5505a94f61c2beee3c8711141825e8b884?s=96&d=mm&r=g\",\"caption\":\"Marion Douin\"},\"url\":\"https:\/\/aftt.be\/index.php\/author\/mariondouin\/\"}]}<\/script>\n<!-- \/ Yoast SEO plugin. -->","yoast_head_json":{"title":"Europe Smash - Sweden 2026 - AFTT","description":"Suivez les r\u00e9sultats d\u2019Adrien Rassenfosse, C\u00e9dric Nuytinck, Martin Allegro et Lilou Massart \u00e0 l\u2019Europe Smash 2026 de Malm\u00f6, en Su\u00e8de.","robots":{"index":"index","follow":"follow","max-snippet":"max-snippet:-1","max-image-preview":"max-image-preview:large","max-video-preview":"max-video-preview:-1"},"canonical":"https:\/\/aftt.be\/index.php\/europe-smash-sweden-2026\/","og_locale":"fr_FR","og_type":"article","og_title":"Europe Smash - Sweden 2026 - AFTT","og_description":"Suivez les r\u00e9sultats d\u2019Adrien Rassenfosse, C\u00e9dric Nuytinck, Martin Allegro et Lilou Massart \u00e0 l\u2019Europe Smash 2026 de Malm\u00f6, en Su\u00e8de.","og_url":"https:\/\/aftt.be\/index.php\/europe-smash-sweden-2026\/","og_site_name":"AFTT","article_publisher":"https:\/\/www.facebook.com\/AFTTofficiel","article_published_time":"2026-08-11T07:51:23+00:00","article_modified_time":"2026-08-14T19:41:35+00:00","og_image":[{"width":1920,"height":1280,"url":"https:\/\/aftt.be\/wp-content\/uploads\/2026\/08\/55461431368_9becfb4217_o.jpg","type":"image\/jpeg"}],"author":"Marion Douin","twitter_card":"summary_large_image","twitter_misc":{"\u00c9crit par":"Marion Douin","Dur\u00e9e de lecture estim\u00e9e":"3 minutes"},"schema":{"@context":"https:\/\/schema.org","@graph":[{"@type":"Article","@id":"https:\/\/aftt.be\/index.php\/europe-smash-sweden-2026\/#article","isPartOf":{"@id":"https:\/\/aftt.be\/index.php\/europe-smash-sweden-2026\/"},"author":{"name":"Marion Douin","@id":"https:\/\/aftt.be\/#\/schema\/person\/de0f4afc29215eb24695e7aed90610f4"},"headline":"Europe Smash &#8211; Sweden 2026","datePublished":"2026-08-11T07:51:23+00:00","dateModified":"2026-08-14T19:41:35+00:00","mainEntityOfPage":{"@id":"https:\/\/aftt.be\/index.php\/europe-smash-sweden-2026\/"},"wordCount":224,"commentCount":0,"publisher":{"@id":"https:\/\/aftt.be\/#organization"},"image":{"@id":"https:\/\/aftt.be\/index.php\/europe-smash-sweden-2026\/#primaryimage"},"thumbnailUrl":"https:\/\/aftt.be\/wp-content\/uploads\/2026\/08\/55461431368_9becfb4217_o.jpg","articleSection":["Comp\u00e9titions internationales","Informations sportives"],"inLanguage":"fr-FR","potentialAction":[{"@type":"CommentAction","name":"Comment","target":["https:\/\/aftt.be\/index.php\/europe-smash-sweden-2026\/#respond"]}]},{"@type":"WebPage","@id":"https:\/\/aftt.be\/index.php\/europe-smash-sweden-2026\/","url":"https:\/\/aftt.be\/index.php\/europe-smash-sweden-2026\/","name":"Europe Smash - Sweden 2026 - AFTT","isPartOf":{"@id":"https:\/\/aftt.be\/#website"},"primaryImageOfPage":{"@id":"https:\/\/aftt.be\/index.php\/europe-smash-sweden-2026\/#primaryimage"},"image":{"@id":"https:\/\/aftt.be\/index.php\/europe-smash-sweden-2026\/#primaryimage"},"thumbnailUrl":"https:\/\/aftt.be\/wp-content\/uploads\/2026\/08\/55461431368_9becfb4217_o.jpg","datePublished":"2026-08-11T07:51:23+00:00","dateModified":"2026-08-14T19:41:35+00:00","description":"Suivez les r\u00e9sultats d\u2019Adrien Rassenfosse, C\u00e9dric Nuytinck, Martin Allegro et Lilou Massart \u00e0 l\u2019Europe Smash 2026 de Malm\u00f6, en Su\u00e8de.","breadcrumb":{"@id":"https:\/\/aftt.be\/index.php\/europe-smash-sweden-2026\/#breadcrumb"},"inLanguage":"fr-FR","potentialAction":[{"@type":"ReadAction","target":["https:\/\/aftt.be\/index.php\/europe-smash-sweden-2026\/"]}]},{"@type":"ImageObject","inLanguage":"fr-FR","@id":"https:\/\/aftt.be\/index.php\/europe-smash-sweden-2026\/#primaryimage","url":"https:\/\/aftt.be\/wp-content\/uploads\/2026\/08\/55461431368_9becfb4217_o.jpg","contentUrl":"https:\/\/aftt.be\/wp-content\/uploads\/2026\/08\/55461431368_9becfb4217_o.jpg","width":1920,"height":1280},{"@type":"BreadcrumbList","@id":"https:\/\/aftt.be\/index.php\/europe-smash-sweden-2026\/#breadcrumb","itemListElement":[{"@type":"ListItem","position":1,"name":"Accueil","item":"https:\/\/aftt.be\/"},{"@type":"ListItem","position":2,"name":"Europe Smash &#8211; Sweden 2026"}]},{"@type":"WebSite","@id":"https:\/\/aftt.be\/#website","url":"https:\/\/aftt.be\/","name":"AFTT","description":"","publisher":{"@id":"https:\/\/aftt.be\/#organization"},"potentialAction":[{"@type":"SearchAction","target":{"@type":"EntryPoint","urlTemplate":"https:\/\/aftt.be\/?s={search_term_string}"},"query-input":{"@type":"PropertyValueSpecification","valueRequired":true,"valueName":"search_term_string"}}],"inLanguage":"fr-FR"},{"@type":"Organization","@id":"https:\/\/aftt.be\/#organization","name":"AFTT","url":"https:\/\/aftt.be\/","logo":{"@type":"ImageObject","inLanguage":"fr-FR","@id":"https:\/\/aftt.be\/#\/schema\/logo\/image\/","url":"https:\/\/aftt.be\/wp-content\/uploads\/2024\/12\/AFTT-150x150-1.png","contentUrl":"https:\/\/aftt.be\/wp-content\/uploads\/2024\/12\/AFTT-150x150-1.png","width":150,"height":150,"caption":"AFTT"},"image":{"@id":"https:\/\/aftt.be\/#\/schema\/logo\/image\/"},"sameAs":["https:\/\/www.facebook.com\/AFTTofficiel"]},{"@type":"Person","@id":"https:\/\/aftt.be\/#\/schema\/person\/de0f4afc29215eb24695e7aed90610f4","name":"Marion Douin","image":{"@type":"ImageObject","inLanguage":"fr-FR","@id":"https:\/\/aftt.be\/#\/schema\/person\/image\/","url":"https:\/\/secure.gravatar.com\/avatar\/97c78cc27fee19765081f5d7277f0b5505a94f61c2beee3c8711141825e8b884?s=96&d=mm&r=g","contentUrl":"https:\/\/secure.gravatar.com\/avatar\/97c78cc27fee19765081f5d7277f0b5505a94f61c2beee3c8711141825e8b884?s=96&d=mm&r=g","caption":"Marion Douin"},"url":"https:\/\/aftt.be\/index.php\/author\/mariondouin\/"}]}},"_links":{"self":[{"href":"https:\/\/aftt.be\/index.php\/wp-json\/wp\/v2\/posts\/24333","targetHints":{"allow":["GET"]}}],"collection":[{"href":"https:\/\/aftt.be\/index.php\/wp-json\/wp\/v2\/posts"}],"about":[{"href":"https:\/\/aftt.be\/index.php\/wp-json\/wp\/v2\/types\/post"}],"author":[{"embeddable":true,"href":"https:\/\/aftt.be\/index.php\/wp-json\/wp\/v2\/users\/5"}],"replies":[{"embeddable":true,"href":"https:\/\/aftt.be\/index.php\/wp-json\/wp\/v2\/comments?post=24333"}],"version-history":[{"count":9,"href":"https:\/\/aftt.be\/index.php\/wp-json\/wp\/v2\/posts\/24333\/revisions"}],"predecessor-version":[{"id":24370,"href":"https:\/\/aftt.be\/index.php\/wp-json\/wp\/v2\/posts\/24333\/revisions\/24370"}],"wp:featuredmedia":[{"embeddable":true,"href":"https:\/\/aftt.be\/index.php\/wp-json\/wp\/v2\/media\/24366"}],"wp:attachment":[{"href":"https:\/\/aftt.be\/index.php\/wp-json\/wp\/v2\/media?parent=24333"}],"wp:term":[{"taxonomy":"category","embeddable":true,"href":"https:\/\/aftt.be\/index.php\/wp-json\/wp\/v2\/categories?post=24333"},{"taxonomy":"post_tag","embeddable":true,"href":"https:\/\/aftt.be\/index.php\/wp-json\/wp\/v2\/tags?post=24333"}],"curies":[{"name":"wp","href":"https:\/\/api.w.org\/{rel}","templated":true}]}}