{"id":106,"date":"2024-11-28T10:08:00","date_gmt":"2024-11-28T10:08:00","guid":{"rendered":"https:\/\/aftt.be\/?p=106"},"modified":"2025-01-16T07:43:31","modified_gmt":"2025-01-16T07:43:31","slug":"adrien-rassenfosse-une-belle-performance-au-wtt-feeder-de-vila-nova-de-gaia","status":"publish","type":"post","link":"https:\/\/aftt.be\/index.php\/adrien-rassenfosse-une-belle-performance-au-wtt-feeder-de-vila-nova-de-gaia\/","title":{"rendered":"Adrien Rassenfosse : Une Belle performance au WTT Feeder de Vila Nova de Gaia"},"content":{"rendered":"\n<p>Le tournoi WTT Feeder \u00e0 Vila Nova de Gaia, au Portugal, a marqu\u00e9 une \u00e9tape importante pour Adrien Rassenfosse, qui conclut son ann\u00e9e avec une prestation solide. Retour sur son parcours, qui refl\u00e8te son potentiel et sa d\u00e9termination face \u00e0 une concurrence de haut niveau.<\/p>\n\n\n\n<h3 class=\"wp-block-heading\">Un parcours encourageant \ud83d\udd25<\/h3>\n\n\n\n<p>Exempt\u00e9 du premier tour, Adrien a entam\u00e9 son tournoi avec une victoire remarquable face au Japonais <strong>Jo Yokotani<\/strong>, au terme d\u2019un match intense en cinq sets. Cette performance a montr\u00e9 toute sa ma\u00eetrise et sa capacit\u00e9 \u00e0 g\u00e9rer des rencontres sous pression.<\/p>\n\n\n\n<p>En huiti\u00e8me de finale, il a crois\u00e9 le chemin du redoutable <strong>Zhou Qihao<\/strong>, deuxi\u00e8me t\u00eate de s\u00e9rie et actuellement 56\u1d49 au classement mondial. Malgr\u00e9 une r\u00e9sistance admirable, Adrien s\u2019est inclin\u00e9 face \u00e0 cet adversaire exp\u00e9riment\u00e9, offrant n\u00e9anmoins un bel aper\u00e7u de son niveau face \u00e0 l\u2019\u00e9lite internationale.<\/p>\n\n\n\n<h3 class=\"wp-block-heading\">Une saison prometteuse <\/h3>\n\n\n\n<p>En parall\u00e8le de ses performances sur le circuit international, Adrien brille \u00e9galement en Bundesliga. Avec <strong>4 victoires en 7 rencontres disput\u00e9es<\/strong>, il r\u00e9alise un d\u00e9but de saison tr\u00e8s solide, confirmant son statut de joueur \u00e0 suivre. Il reste d\u00e9sormais en qu\u00eate d\u2019un r\u00e9sultat majeur sur la sc\u00e8ne mondiale, un objectif qui semble \u00e0 port\u00e9e de main compte tenu de ses progr\u00e8s constants.<\/p>\n\n\n\n<h3 class=\"wp-block-heading\">Cap sur 2024 !<\/h3>\n\n\n\n<p>Adrien Rassenfosse termine l\u2019ann\u00e9e sur une note positive, avec de belles bases pour poursuivre sa progression. Toute la communaut\u00e9 du tennis de table est derri\u00e8re lui pour l\u2019encourager dans ses prochains d\u00e9fis, aussi bien en championnat qu\u2019\u00e0 l\u2019international.<\/p>\n\n\n\n<p>Bravo Adrien pour ce beau parcours et rendez-vous en 2024 pour de nouveaux succ\u00e8s ! <\/p>\n","protected":false},"excerpt":{"rendered":"<p>Le tournoi WTT Feeder \u00e0 Vila Nova de Gaia, au Portugal, a marqu\u00e9 une \u00e9tape importante pour Adrien Rassenfosse, qui conclut son ann\u00e9e avec une prestation solide. Retour sur son parcours, qui refl\u00e8te son potentiel et sa d\u00e9termination face \u00e0 une concurrence de haut niveau. Un parcours encourageant \ud83d\udd25 Exempt\u00e9 du premier tour, Adrien a &#8230; <a title=\"Adrien Rassenfosse : Une Belle performance au WTT Feeder de Vila Nova de Gaia\" class=\"read-more\" href=\"https:\/\/aftt.be\/index.php\/adrien-rassenfosse-une-belle-performance-au-wtt-feeder-de-vila-nova-de-gaia\/\" aria-label=\"En savoir plus sur Adrien Rassenfosse : Une Belle performance au WTT Feeder de Vila Nova de Gaia\">Lire la suite<\/a><\/p>\n","protected":false},"author":1,"featured_media":90,"comment_status":"open","ping_status":"open","sticky":false,"template":"","format":"standard","meta":{"footnotes":""},"categories":[69,9],"tags":[13,14],"class_list":["post-106","post","type-post","status-publish","format-standard","has-post-thumbnail","hentry","category-competitions-internationales","category-informations-sportives","tag-adrien-rassenfosse","tag-wtt-feeder"],"yoast_head":"<!-- This site is optimized with the Yoast SEO plugin v26.2 - https:\/\/yoast.com\/wordpress\/plugins\/seo\/ -->\n<title>Adrien Rassenfosse : Une Belle performance au WTT Feeder de Vila Nova de Gaia - AFTT<\/title>\n<meta name=\"robots\" content=\"index, follow, max-snippet:-1, max-image-preview:large, max-video-preview:-1\" \/>\n<link rel=\"canonical\" href=\"https:\/\/aftt.be\/index.php\/adrien-rassenfosse-une-belle-performance-au-wtt-feeder-de-vila-nova-de-gaia\/\" \/>\n<meta property=\"og:locale\" content=\"fr_FR\" \/>\n<meta property=\"og:type\" content=\"article\" \/>\n<meta property=\"og:title\" content=\"Adrien Rassenfosse : Une Belle performance au WTT Feeder de Vila Nova de Gaia - AFTT\" \/>\n<meta property=\"og:description\" content=\"Le tournoi WTT Feeder \u00e0 Vila Nova de Gaia, au Portugal, a marqu\u00e9 une \u00e9tape importante pour Adrien Rassenfosse, qui conclut son ann\u00e9e avec une prestation solide. Retour sur son parcours, qui refl\u00e8te son potentiel et sa d\u00e9termination face \u00e0 une concurrence de haut niveau. Un parcours encourageant \ud83d\udd25 Exempt\u00e9 du premier tour, Adrien a ... Lire la suite\" \/>\n<meta property=\"og:url\" content=\"https:\/\/aftt.be\/index.php\/adrien-rassenfosse-une-belle-performance-au-wtt-feeder-de-vila-nova-de-gaia\/\" \/>\n<meta property=\"og:site_name\" content=\"AFTT\" \/>\n<meta property=\"article:publisher\" content=\"https:\/\/www.facebook.com\/AFTTofficiel\" \/>\n<meta property=\"article:published_time\" content=\"2024-11-28T10:08:00+00:00\" \/>\n<meta property=\"article:modified_time\" content=\"2025-01-16T07:43:31+00:00\" \/>\n<meta property=\"og:image\" content=\"https:\/\/aftt.be\/wp-content\/uploads\/2024\/12\/54166979326_e348e2b4f2_c.jpg\" \/>\n\t<meta property=\"og:image:width\" content=\"799\" \/>\n\t<meta property=\"og:image:height\" content=\"533\" \/>\n\t<meta property=\"og:image:type\" content=\"image\/jpeg\" \/>\n<meta name=\"author\" content=\"jasinski\" \/>\n<meta name=\"twitter:card\" content=\"summary_large_image\" \/>\n<meta name=\"twitter:label1\" content=\"\u00c9crit par\" \/>\n\t<meta name=\"twitter:data1\" content=\"jasinski\" \/>\n\t<meta name=\"twitter:label2\" content=\"Dur\u00e9e de lecture estim\u00e9e\" \/>\n\t<meta name=\"twitter:data2\" content=\"1 minute\" \/>\n<script type=\"application\/ld+json\" class=\"yoast-schema-graph\">{\"@context\":\"https:\/\/schema.org\",\"@graph\":[{\"@type\":\"Article\",\"@id\":\"https:\/\/aftt.be\/index.php\/adrien-rassenfosse-une-belle-performance-au-wtt-feeder-de-vila-nova-de-gaia\/#article\",\"isPartOf\":{\"@id\":\"https:\/\/aftt.be\/index.php\/adrien-rassenfosse-une-belle-performance-au-wtt-feeder-de-vila-nova-de-gaia\/\"},\"author\":{\"name\":\"jasinski\",\"@id\":\"https:\/\/aftt.be\/#\/schema\/person\/f8527659003eef978bb584743c23cdee\"},\"headline\":\"Adrien Rassenfosse : Une Belle performance au WTT Feeder de Vila Nova de Gaia\",\"datePublished\":\"2024-11-28T10:08:00+00:00\",\"dateModified\":\"2025-01-16T07:43:31+00:00\",\"mainEntityOfPage\":{\"@id\":\"https:\/\/aftt.be\/index.php\/adrien-rassenfosse-une-belle-performance-au-wtt-feeder-de-vila-nova-de-gaia\/\"},\"wordCount\":293,\"commentCount\":0,\"publisher\":{\"@id\":\"https:\/\/aftt.be\/#organization\"},\"image\":{\"@id\":\"https:\/\/aftt.be\/index.php\/adrien-rassenfosse-une-belle-performance-au-wtt-feeder-de-vila-nova-de-gaia\/#primaryimage\"},\"thumbnailUrl\":\"https:\/\/aftt.be\/wp-content\/uploads\/2024\/12\/54166979326_e348e2b4f2_c.jpg\",\"keywords\":[\"ADRIEN RASSENFOSSE\",\"WTT FEEDER\"],\"articleSection\":[\"Comp\u00e9titions internationales\",\"Informations sportives\"],\"inLanguage\":\"fr-FR\",\"potentialAction\":[{\"@type\":\"CommentAction\",\"name\":\"Comment\",\"target\":[\"https:\/\/aftt.be\/index.php\/adrien-rassenfosse-une-belle-performance-au-wtt-feeder-de-vila-nova-de-gaia\/#respond\"]}]},{\"@type\":\"WebPage\",\"@id\":\"https:\/\/aftt.be\/index.php\/adrien-rassenfosse-une-belle-performance-au-wtt-feeder-de-vila-nova-de-gaia\/\",\"url\":\"https:\/\/aftt.be\/index.php\/adrien-rassenfosse-une-belle-performance-au-wtt-feeder-de-vila-nova-de-gaia\/\",\"name\":\"Adrien Rassenfosse : Une Belle performance au WTT Feeder de Vila Nova de Gaia - AFTT\",\"isPartOf\":{\"@id\":\"https:\/\/aftt.be\/#website\"},\"primaryImageOfPage\":{\"@id\":\"https:\/\/aftt.be\/index.php\/adrien-rassenfosse-une-belle-performance-au-wtt-feeder-de-vila-nova-de-gaia\/#primaryimage\"},\"image\":{\"@id\":\"https:\/\/aftt.be\/index.php\/adrien-rassenfosse-une-belle-performance-au-wtt-feeder-de-vila-nova-de-gaia\/#primaryimage\"},\"thumbnailUrl\":\"https:\/\/aftt.be\/wp-content\/uploads\/2024\/12\/54166979326_e348e2b4f2_c.jpg\",\"datePublished\":\"2024-11-28T10:08:00+00:00\",\"dateModified\":\"2025-01-16T07:43:31+00:00\",\"breadcrumb\":{\"@id\":\"https:\/\/aftt.be\/index.php\/adrien-rassenfosse-une-belle-performance-au-wtt-feeder-de-vila-nova-de-gaia\/#breadcrumb\"},\"inLanguage\":\"fr-FR\",\"potentialAction\":[{\"@type\":\"ReadAction\",\"target\":[\"https:\/\/aftt.be\/index.php\/adrien-rassenfosse-une-belle-performance-au-wtt-feeder-de-vila-nova-de-gaia\/\"]}]},{\"@type\":\"ImageObject\",\"inLanguage\":\"fr-FR\",\"@id\":\"https:\/\/aftt.be\/index.php\/adrien-rassenfosse-une-belle-performance-au-wtt-feeder-de-vila-nova-de-gaia\/#primaryimage\",\"url\":\"https:\/\/aftt.be\/wp-content\/uploads\/2024\/12\/54166979326_e348e2b4f2_c.jpg\",\"contentUrl\":\"https:\/\/aftt.be\/wp-content\/uploads\/2024\/12\/54166979326_e348e2b4f2_c.jpg\",\"width\":799,\"height\":533},{\"@type\":\"BreadcrumbList\",\"@id\":\"https:\/\/aftt.be\/index.php\/adrien-rassenfosse-une-belle-performance-au-wtt-feeder-de-vila-nova-de-gaia\/#breadcrumb\",\"itemListElement\":[{\"@type\":\"ListItem\",\"position\":1,\"name\":\"Accueil\",\"item\":\"https:\/\/aftt.be\/\"},{\"@type\":\"ListItem\",\"position\":2,\"name\":\"Adrien Rassenfosse : Une Belle performance au WTT Feeder de Vila Nova de Gaia\"}]},{\"@type\":\"WebSite\",\"@id\":\"https:\/\/aftt.be\/#website\",\"url\":\"https:\/\/aftt.be\/\",\"name\":\"AFTT\",\"description\":\"\",\"publisher\":{\"@id\":\"https:\/\/aftt.be\/#organization\"},\"potentialAction\":[{\"@type\":\"SearchAction\",\"target\":{\"@type\":\"EntryPoint\",\"urlTemplate\":\"https:\/\/aftt.be\/?s={search_term_string}\"},\"query-input\":{\"@type\":\"PropertyValueSpecification\",\"valueRequired\":true,\"valueName\":\"search_term_string\"}}],\"inLanguage\":\"fr-FR\"},{\"@type\":\"Organization\",\"@id\":\"https:\/\/aftt.be\/#organization\",\"name\":\"AFTT\",\"url\":\"https:\/\/aftt.be\/\",\"logo\":{\"@type\":\"ImageObject\",\"inLanguage\":\"fr-FR\",\"@id\":\"https:\/\/aftt.be\/#\/schema\/logo\/image\/\",\"url\":\"https:\/\/aftt.be\/wp-content\/uploads\/2024\/12\/AFTT-150x150-1.png\",\"contentUrl\":\"https:\/\/aftt.be\/wp-content\/uploads\/2024\/12\/AFTT-150x150-1.png\",\"width\":150,\"height\":150,\"caption\":\"AFTT\"},\"image\":{\"@id\":\"https:\/\/aftt.be\/#\/schema\/logo\/image\/\"},\"sameAs\":[\"https:\/\/www.facebook.com\/AFTTofficiel\"]},{\"@type\":\"Person\",\"@id\":\"https:\/\/aftt.be\/#\/schema\/person\/f8527659003eef978bb584743c23cdee\",\"name\":\"jasinski\",\"image\":{\"@type\":\"ImageObject\",\"inLanguage\":\"fr-FR\",\"@id\":\"https:\/\/aftt.be\/#\/schema\/person\/image\/\",\"url\":\"https:\/\/secure.gravatar.com\/avatar\/0d5b4b65de224a0e1dd830eedde6cb10d346cc5b1befdb6f76a54029eb7d20e2?s=96&d=mm&r=g\",\"contentUrl\":\"https:\/\/secure.gravatar.com\/avatar\/0d5b4b65de224a0e1dd830eedde6cb10d346cc5b1befdb6f76a54029eb7d20e2?s=96&d=mm&r=g\",\"caption\":\"jasinski\"},\"sameAs\":[\"https:\/\/aftt.be\"],\"url\":\"https:\/\/aftt.be\/index.php\/author\/jasinski\/\"}]}<\/script>\n<!-- \/ Yoast SEO plugin. -->","yoast_head_json":{"title":"Adrien Rassenfosse : Une Belle performance au WTT Feeder de Vila Nova de Gaia - AFTT","robots":{"index":"index","follow":"follow","max-snippet":"max-snippet:-1","max-image-preview":"max-image-preview:large","max-video-preview":"max-video-preview:-1"},"canonical":"https:\/\/aftt.be\/index.php\/adrien-rassenfosse-une-belle-performance-au-wtt-feeder-de-vila-nova-de-gaia\/","og_locale":"fr_FR","og_type":"article","og_title":"Adrien Rassenfosse : Une Belle performance au WTT Feeder de Vila Nova de Gaia - AFTT","og_description":"Le tournoi WTT Feeder \u00e0 Vila Nova de Gaia, au Portugal, a marqu\u00e9 une \u00e9tape importante pour Adrien Rassenfosse, qui conclut son ann\u00e9e avec une prestation solide. Retour sur son parcours, qui refl\u00e8te son potentiel et sa d\u00e9termination face \u00e0 une concurrence de haut niveau. Un parcours encourageant \ud83d\udd25 Exempt\u00e9 du premier tour, Adrien a ... Lire la suite","og_url":"https:\/\/aftt.be\/index.php\/adrien-rassenfosse-une-belle-performance-au-wtt-feeder-de-vila-nova-de-gaia\/","og_site_name":"AFTT","article_publisher":"https:\/\/www.facebook.com\/AFTTofficiel","article_published_time":"2024-11-28T10:08:00+00:00","article_modified_time":"2025-01-16T07:43:31+00:00","og_image":[{"width":799,"height":533,"url":"https:\/\/aftt.be\/wp-content\/uploads\/2024\/12\/54166979326_e348e2b4f2_c.jpg","type":"image\/jpeg"}],"author":"jasinski","twitter_card":"summary_large_image","twitter_misc":{"\u00c9crit par":"jasinski","Dur\u00e9e de lecture estim\u00e9e":"1 minute"},"schema":{"@context":"https:\/\/schema.org","@graph":[{"@type":"Article","@id":"https:\/\/aftt.be\/index.php\/adrien-rassenfosse-une-belle-performance-au-wtt-feeder-de-vila-nova-de-gaia\/#article","isPartOf":{"@id":"https:\/\/aftt.be\/index.php\/adrien-rassenfosse-une-belle-performance-au-wtt-feeder-de-vila-nova-de-gaia\/"},"author":{"name":"jasinski","@id":"https:\/\/aftt.be\/#\/schema\/person\/f8527659003eef978bb584743c23cdee"},"headline":"Adrien Rassenfosse : Une Belle performance au WTT Feeder de Vila Nova de Gaia","datePublished":"2024-11-28T10:08:00+00:00","dateModified":"2025-01-16T07:43:31+00:00","mainEntityOfPage":{"@id":"https:\/\/aftt.be\/index.php\/adrien-rassenfosse-une-belle-performance-au-wtt-feeder-de-vila-nova-de-gaia\/"},"wordCount":293,"commentCount":0,"publisher":{"@id":"https:\/\/aftt.be\/#organization"},"image":{"@id":"https:\/\/aftt.be\/index.php\/adrien-rassenfosse-une-belle-performance-au-wtt-feeder-de-vila-nova-de-gaia\/#primaryimage"},"thumbnailUrl":"https:\/\/aftt.be\/wp-content\/uploads\/2024\/12\/54166979326_e348e2b4f2_c.jpg","keywords":["ADRIEN RASSENFOSSE","WTT FEEDER"],"articleSection":["Comp\u00e9titions internationales","Informations sportives"],"inLanguage":"fr-FR","potentialAction":[{"@type":"CommentAction","name":"Comment","target":["https:\/\/aftt.be\/index.php\/adrien-rassenfosse-une-belle-performance-au-wtt-feeder-de-vila-nova-de-gaia\/#respond"]}]},{"@type":"WebPage","@id":"https:\/\/aftt.be\/index.php\/adrien-rassenfosse-une-belle-performance-au-wtt-feeder-de-vila-nova-de-gaia\/","url":"https:\/\/aftt.be\/index.php\/adrien-rassenfosse-une-belle-performance-au-wtt-feeder-de-vila-nova-de-gaia\/","name":"Adrien Rassenfosse : Une Belle performance au WTT Feeder de Vila Nova de Gaia - AFTT","isPartOf":{"@id":"https:\/\/aftt.be\/#website"},"primaryImageOfPage":{"@id":"https:\/\/aftt.be\/index.php\/adrien-rassenfosse-une-belle-performance-au-wtt-feeder-de-vila-nova-de-gaia\/#primaryimage"},"image":{"@id":"https:\/\/aftt.be\/index.php\/adrien-rassenfosse-une-belle-performance-au-wtt-feeder-de-vila-nova-de-gaia\/#primaryimage"},"thumbnailUrl":"https:\/\/aftt.be\/wp-content\/uploads\/2024\/12\/54166979326_e348e2b4f2_c.jpg","datePublished":"2024-11-28T10:08:00+00:00","dateModified":"2025-01-16T07:43:31+00:00","breadcrumb":{"@id":"https:\/\/aftt.be\/index.php\/adrien-rassenfosse-une-belle-performance-au-wtt-feeder-de-vila-nova-de-gaia\/#breadcrumb"},"inLanguage":"fr-FR","potentialAction":[{"@type":"ReadAction","target":["https:\/\/aftt.be\/index.php\/adrien-rassenfosse-une-belle-performance-au-wtt-feeder-de-vila-nova-de-gaia\/"]}]},{"@type":"ImageObject","inLanguage":"fr-FR","@id":"https:\/\/aftt.be\/index.php\/adrien-rassenfosse-une-belle-performance-au-wtt-feeder-de-vila-nova-de-gaia\/#primaryimage","url":"https:\/\/aftt.be\/wp-content\/uploads\/2024\/12\/54166979326_e348e2b4f2_c.jpg","contentUrl":"https:\/\/aftt.be\/wp-content\/uploads\/2024\/12\/54166979326_e348e2b4f2_c.jpg","width":799,"height":533},{"@type":"BreadcrumbList","@id":"https:\/\/aftt.be\/index.php\/adrien-rassenfosse-une-belle-performance-au-wtt-feeder-de-vila-nova-de-gaia\/#breadcrumb","itemListElement":[{"@type":"ListItem","position":1,"name":"Accueil","item":"https:\/\/aftt.be\/"},{"@type":"ListItem","position":2,"name":"Adrien Rassenfosse : Une Belle performance au WTT Feeder de Vila Nova de Gaia"}]},{"@type":"WebSite","@id":"https:\/\/aftt.be\/#website","url":"https:\/\/aftt.be\/","name":"AFTT","description":"","publisher":{"@id":"https:\/\/aftt.be\/#organization"},"potentialAction":[{"@type":"SearchAction","target":{"@type":"EntryPoint","urlTemplate":"https:\/\/aftt.be\/?s={search_term_string}"},"query-input":{"@type":"PropertyValueSpecification","valueRequired":true,"valueName":"search_term_string"}}],"inLanguage":"fr-FR"},{"@type":"Organization","@id":"https:\/\/aftt.be\/#organization","name":"AFTT","url":"https:\/\/aftt.be\/","logo":{"@type":"ImageObject","inLanguage":"fr-FR","@id":"https:\/\/aftt.be\/#\/schema\/logo\/image\/","url":"https:\/\/aftt.be\/wp-content\/uploads\/2024\/12\/AFTT-150x150-1.png","contentUrl":"https:\/\/aftt.be\/wp-content\/uploads\/2024\/12\/AFTT-150x150-1.png","width":150,"height":150,"caption":"AFTT"},"image":{"@id":"https:\/\/aftt.be\/#\/schema\/logo\/image\/"},"sameAs":["https:\/\/www.facebook.com\/AFTTofficiel"]},{"@type":"Person","@id":"https:\/\/aftt.be\/#\/schema\/person\/f8527659003eef978bb584743c23cdee","name":"jasinski","image":{"@type":"ImageObject","inLanguage":"fr-FR","@id":"https:\/\/aftt.be\/#\/schema\/person\/image\/","url":"https:\/\/secure.gravatar.com\/avatar\/0d5b4b65de224a0e1dd830eedde6cb10d346cc5b1befdb6f76a54029eb7d20e2?s=96&d=mm&r=g","contentUrl":"https:\/\/secure.gravatar.com\/avatar\/0d5b4b65de224a0e1dd830eedde6cb10d346cc5b1befdb6f76a54029eb7d20e2?s=96&d=mm&r=g","caption":"jasinski"},"sameAs":["https:\/\/aftt.be"],"url":"https:\/\/aftt.be\/index.php\/author\/jasinski\/"}]}},"_links":{"self":[{"href":"https:\/\/aftt.be\/index.php\/wp-json\/wp\/v2\/posts\/106","targetHints":{"allow":["GET"]}}],"collection":[{"href":"https:\/\/aftt.be\/index.php\/wp-json\/wp\/v2\/posts"}],"about":[{"href":"https:\/\/aftt.be\/index.php\/wp-json\/wp\/v2\/types\/post"}],"author":[{"embeddable":true,"href":"https:\/\/aftt.be\/index.php\/wp-json\/wp\/v2\/users\/1"}],"replies":[{"embeddable":true,"href":"https:\/\/aftt.be\/index.php\/wp-json\/wp\/v2\/comments?post=106"}],"version-history":[{"count":2,"href":"https:\/\/aftt.be\/index.php\/wp-json\/wp\/v2\/posts\/106\/revisions"}],"predecessor-version":[{"id":827,"href":"https:\/\/aftt.be\/index.php\/wp-json\/wp\/v2\/posts\/106\/revisions\/827"}],"wp:featuredmedia":[{"embeddable":true,"href":"https:\/\/aftt.be\/index.php\/wp-json\/wp\/v2\/media\/90"}],"wp:attachment":[{"href":"https:\/\/aftt.be\/index.php\/wp-json\/wp\/v2\/media?parent=106"}],"wp:term":[{"taxonomy":"category","embeddable":true,"href":"https:\/\/aftt.be\/index.php\/wp-json\/wp\/v2\/categories?post=106"},{"taxonomy":"post_tag","embeddable":true,"href":"https:\/\/aftt.be\/index.php\/wp-json\/wp\/v2\/tags?post=106"}],"curies":[{"name":"wp","href":"https:\/\/api.w.org\/{rel}","templated":true}]}}